{"id":8798,"date":"2026-04-27T18:58:31","date_gmt":"2026-04-27T15:58:31","guid":{"rendered":"https:\/\/tarsusyenihaber.com\/?p=8798"},"modified":"2026-04-27T18:58:31","modified_gmt":"2026-04-27T15:58:31","slug":"sahin-gozuyle-belediye-baskani-boltac-ile-tarsusta-gelecek-vizyonu","status":"publish","type":"post","link":"https:\/\/tarsusyenihaber.com\/index.php\/2026\/04\/27\/sahin-gozuyle-belediye-baskani-boltac-ile-tarsusta-gelecek-vizyonu\/","title":{"rendered":"\u015eAH\u0130N G\u00d6Z\u00dcYLE; BELED\u0130YE BA\u015eKANI BOLTA\u00c7 \u0130LE \u2018TARSUS\u2019TA GELECEK V\u0130ZYONU\u2019"},"content":{"rendered":"\n<p>\u015eAH\u0130N G\u00d6Z\u00dcYLE<\/p>\n\n\n\n<p>BELED\u0130YE BA\u015eKANI BOLTA\u00c7 \u0130LE \u2018TARSUS\u2019TA GELECEK V\u0130ZYONU\u2019<\/p>\n\n\n\n<p>Tarsus Belediye Ba\u015fkan\u0131 Ali Bolta\u00e7, g\u00f6reve geldi\u011fi 2024 Nisan ay\u0131 ba\u015f\u0131ndan bu yana ortaya koydu\u011fu vizyon ve projelerle Tarsus\u2019un gelece\u011fine y\u00f6n vermeye devam ediyor.<\/p>\n\n\n\n<p>\u201cBa\u015fkan Bolta\u00e7 ile Tarsus\u2019ta Gelecek Var\u201d slogan\u0131yla y\u00fcr\u00fct\u00fclen \u00e7al\u0131\u015fmalar, kentin ekonomik, sosyal ve k\u00fclt\u00fcrel kalk\u0131nmas\u0131n\u0131 hedefleyen kapsaml\u0131 bir d\u00f6n\u00fc\u015f\u00fcm s\u00fcrecine i\u015faret ediyor.<\/p>\n\n\n\n<p>Tarsus\u2019un sahip oldu\u011fu tarihi, tar\u0131msal ve ticari potansiyeli en iyi \u015fekilde de\u011ferlendirmeyi ama\u00e7layan Ba\u015fkan Bolta\u00e7, yapt\u0131\u011f\u0131 a\u00e7\u0131klamalarda \u00f6nceliklerinin vatanda\u015f odakl\u0131 hizmet, \u015feffaf y\u00f6netim anlay\u0131\u015f\u0131 ve s\u00fcrd\u00fcr\u00fclebilir kalk\u0131nma oldu\u011funu vurguluyor.<\/p>\n\n\n\n<p>Hemen her defas\u0131nda \u201cMeselemiz Tarsus\u2019un gelece\u011fi\u201d diyen Bolta\u00e7, t\u00fcm projelerin bu hedef do\u011frultusunda \u015fekillendirildi\u011fini ifade ediyor.<\/p>\n\n\n\n<p>\u00d6zellikle tar\u0131m ve sanayi entegrasyonu, kad\u0131n istihdam\u0131n\u0131n art\u0131r\u0131lmas\u0131, gen\u00e7lere y\u00f6nelik projeler, kentsel d\u00fczenleme \u00e7al\u0131\u015fmalar\u0131 ve turizm yat\u0131r\u0131mlar\u0131n\u0131 \u00f6n plana \u00e7\u0131karan Belediye Ba\u015fkan\u0131 Bolta\u00e7, Tarsus\u2019un bir marka \u015fehir haline gelmesi i\u00e7in gastronomi, k\u00fclt\u00fcr-sanat ve tarih turizmine y\u00f6nelik \u00e7al\u0131\u015fmalar\u0131n\u0131 da h\u0131zland\u0131r\u0131yor.<\/p>\n\n\n\n<p>Ba\u015fkan Bolta\u00e7\u2019\u0131n, Tarsus Belediye taraf\u0131ndan hayata ge\u00e7irilmesi planlanan projelerle birlikte, hem \u00fcreticinin hem de yat\u0131r\u0131mc\u0131n\u0131n desteklenmesi hedeflenirken, \u015fehirde ya\u015fam kalitesinin art\u0131r\u0131lmas\u0131 da temel \u00f6ncelikler aras\u0131nda yer al\u0131yor.<\/p>\n\n\n\n<p>\u201cBa\u015fkan Bolta\u00e7 ile Tarsus\u2019ta Gelecek Var\u201d anlay\u0131\u015f\u0131yla hareket eden Tarsus Belediye y\u00f6netimi t\u00fcm payda\u015flarla birlikte Tarsus\u2019u daha g\u00fc\u00e7l\u00fc, daha ya\u015fanabilir ve daha rekabet\u00e7i bir \u015fehir haline getirmeyi ama\u00e7l\u0131yor.<\/p>\n\n\n\n<p>\u015eunun alt\u0131n\u0131 da \u00e7izerek belirtmek isterim ki, Ba\u015fkan Bolta\u00e7 g\u00f6reve geldi\u011fi ilk g\u00fcnden bu yana kendisini buraya se\u00e7en halkla da i\u00e7 i\u00e7e olmaya b\u00fcy\u00fck bir \u00f6zen g\u00f6steriyor.&nbsp;<\/p>\n","protected":false},"excerpt":{"rendered":"<p>\u015eAH\u0130N G\u00d6Z\u00dcYLE BELED\u0130YE BA\u015eKANI BOLTA\u00c7 \u0130LE \u2018TARSUS\u2019TA GELECEK V\u0130ZYONU\u2019 Tarsus Belediye Ba\u015fkan\u0131 Ali Bolta\u00e7, g\u00f6reve geldi\u011fi 2024 Nisan ay\u0131 ba\u015f\u0131ndan bu yana ortaya koydu\u011fu vizyon ve projelerle Tarsus\u2019un gelece\u011fine y\u00f6n vermeye devam ediyor. \u201cBa\u015fkan Bolta\u00e7 ile Tarsus\u2019ta Gelecek Var\u201d slogan\u0131yla y\u00fcr\u00fct\u00fclen \u00e7al\u0131\u015fmalar, kentin ekonomik, sosyal ve k\u00fclt\u00fcrel kalk\u0131nmas\u0131n\u0131 hedefleyen kapsaml\u0131 bir d\u00f6n\u00fc\u015f\u00fcm s\u00fcrecine i\u015faret ediyor. [&hellip;]<\/p>\n","protected":false},"author":1,"featured_media":8787,"comment_status":"open","ping_status":"open","sticky":false,"template":"","format":"standard","meta":{"footnotes":""},"categories":[2,12],"tags":[],"ppma_author":[14],"class_list":["post-8798","post","type-post","status-publish","format-standard","has-post-thumbnail","hentry","category-guncel","category-yazarlar"],"authors":[{"term_id":14,"user_id":1,"is_guest":0,"slug":"admin","display_name":"admin","avatar_url":{"url":"https:\/\/tarsusyenihaber.com\/wp-content\/uploads\/2024\/09\/2024tynhaber1-1.jpg","url2x":"https:\/\/tarsusyenihaber.com\/wp-content\/uploads\/2024\/09\/2024tynhaber1-1.jpg"},"1":"","2":"","3":"","4":"","5":"","6":"","7":"","8":""}],"_links":{"self":[{"href":"https:\/\/tarsusyenihaber.com\/index.php\/wp-json\/wp\/v2\/posts\/8798"}],"collection":[{"href":"https:\/\/tarsusyenihaber.com\/index.php\/wp-json\/wp\/v2\/posts"}],"about":[{"href":"https:\/\/tarsusyenihaber.com\/index.php\/wp-json\/wp\/v2\/types\/post"}],"author":[{"embeddable":true,"href":"https:\/\/tarsusyenihaber.com\/index.php\/wp-json\/wp\/v2\/users\/1"}],"replies":[{"embeddable":true,"href":"https:\/\/tarsusyenihaber.com\/index.php\/wp-json\/wp\/v2\/comments?post=8798"}],"version-history":[{"count":1,"href":"https:\/\/tarsusyenihaber.com\/index.php\/wp-json\/wp\/v2\/posts\/8798\/revisions"}],"predecessor-version":[{"id":8799,"href":"https:\/\/tarsusyenihaber.com\/index.php\/wp-json\/wp\/v2\/posts\/8798\/revisions\/8799"}],"wp:featuredmedia":[{"embeddable":true,"href":"https:\/\/tarsusyenihaber.com\/index.php\/wp-json\/wp\/v2\/media\/8787"}],"wp:attachment":[{"href":"https:\/\/tarsusyenihaber.com\/index.php\/wp-json\/wp\/v2\/media?parent=8798"}],"wp:term":[{"taxonomy":"category","embeddable":true,"href":"https:\/\/tarsusyenihaber.com\/index.php\/wp-json\/wp\/v2\/categories?post=8798"},{"taxonomy":"post_tag","embeddable":true,"href":"https:\/\/tarsusyenihaber.com\/index.php\/wp-json\/wp\/v2\/tags?post=8798"},{"taxonomy":"author","embeddable":true,"href":"https:\/\/tarsusyenihaber.com\/index.php\/wp-json\/wp\/v2\/ppma_author?post=8798"}],"curies":[{"name":"wp","href":"https:\/\/api.w.org\/{rel}","templated":true}]}}