{"id":8796,"date":"2026-04-27T18:55:26","date_gmt":"2026-04-27T15:55:26","guid":{"rendered":"https:\/\/tarsusyenihaber.com\/?p=8796"},"modified":"2026-04-27T18:55:26","modified_gmt":"2026-04-27T15:55:26","slug":"baskan-boltac-chpnin-belediye-baskanlari-bulusmasina-katildi","status":"publish","type":"post","link":"https:\/\/tarsusyenihaber.com\/index.php\/2026\/04\/27\/baskan-boltac-chpnin-belediye-baskanlari-bulusmasina-katildi\/","title":{"rendered":"BA\u015eKAN BOLTA\u00c7,\u00a0 CHP\u2019N\u0130N \u2018BELED\u0130YE BA\u015eKANLARI BULU\u015eMASI\u2019NA KATILDI"},"content":{"rendered":"\n<p>BA\u015eKAN BOLTA\u00c7,\u00a0 CHP\u2019N\u0130N \u2018BELED\u0130YE BA\u015eKANLARI BULU\u015eMASI\u2019NA KATILDI<\/p>\n\n\n\n<p>Tarsus Belediye Ba\u015fkan\u0131 Ali Bolta\u00e7, Cumhuriyet Halk Partisi (CHP) Genel Ba\u015fkan\u0131 \u00d6zg\u00fcr \u00d6zel\u2019in ba\u015fkanl\u0131\u011f\u0131nda Ankara\u2019da ger\u00e7ekle\u015ftirilen&nbsp; \u2018Belediye Ba\u015fkanlar\u0131 Bulu\u015fmas\u0131na\u2019 kat\u0131ld\u0131.<\/p>\n\n\n\n<p>CHP Genel Merkezi\u2019nde ger\u00e7ekle\u015ftirilen toplant\u0131da, yerel y\u00f6netimlerin kar\u015f\u0131la\u015ft\u0131\u011f\u0131 sorunlar ve \u00e7\u00f6z\u00fcm \u00f6nerilerinin de ele al\u0131nd\u0131\u011f\u0131 toplant\u0131da, belediyecilik hizmetlerinin bundan sonraki s\u00fcre\u00e7te daha planl\u0131, verimli ve s\u00fcrd\u00fcr\u00fclebilir hale getirilmesi i\u00e7in yap\u0131labilecek \u00e7al\u0131\u015fmalar \u00fczerinde duruldu.<\/p>\n\n\n\n<figure class=\"wp-block-image size-full\"><img loading=\"lazy\" decoding=\"async\" width=\"980\" height=\"917\" src=\"http:\/\/tarsusyenihaber.com\/wp-content\/uploads\/2026\/04\/BASKAN-BOLTAC-CHPNIN-2.jpg\" alt=\"\" class=\"wp-image-8786\" srcset=\"https:\/\/tarsusyenihaber.com\/wp-content\/uploads\/2026\/04\/BASKAN-BOLTAC-CHPNIN-2.jpg 980w, https:\/\/tarsusyenihaber.com\/wp-content\/uploads\/2026\/04\/BASKAN-BOLTAC-CHPNIN-2-300x281.jpg 300w, https:\/\/tarsusyenihaber.com\/wp-content\/uploads\/2026\/04\/BASKAN-BOLTAC-CHPNIN-2-768x719.jpg 768w\" sizes=\"(max-width: 980px) 100vw, 980px\" \/><\/figure>\n\n\n\n<p>\u201cKentlerimiz i\u00e7in s\u00f6z\u00fcm\u00fcz net: birlikte d\u00fc\u015f\u00fcn\u00fcyor, karar al\u0131yor, birlikte ilerliyoruz\u201d diyen Tarsus Belediye Ba\u015fkan\u0131 Ali Bolta\u00e7, toplant\u0131 sonras\u0131nda Tarsus Yeni Haber portal\u0131na yapt\u0131\u011f\u0131 a\u00e7\u0131klamas\u0131nda, farkl\u0131 \u015fehirlerden gelen Belediye Ba\u015fkanlar\u0131yla bir araya gelerek hem mevcut \u00e7al\u0131\u015fmalar hakk\u0131nda bilgi al\u0131\u015fveri\u015finde bulunduklar\u0131n\u0131 hem de gelece\u011fe y\u00f6nelik projeler konusunda fikir payla\u015ft\u0131klar\u0131n\u0131 ifade ettiklerini s\u00f6yledi.<\/p>\n\n\n\n<p>Sosyal Belediyecilik anlay\u0131\u015f\u0131n\u0131 daha ileri ta\u015f\u0131mak i\u00e7in \u00e7al\u0131\u015fmalar\u0131n kararl\u0131l\u0131kla s\u00fcrd\u00fc\u011f\u00fcn\u00fc belirten Ba\u015fkan Bolta\u00e7, vatanda\u015flara daha nitelikli, h\u0131zl\u0131 ve etkin hizmet sunma hedefi do\u011frultusunda bu t\u00fcr bulu\u015fmalar\u0131n b\u00fcy\u00fck \u00f6nem ta\u015f\u0131d\u0131\u011f\u0131n\u0131 s\u00f6zlerine ekledi.<\/p>\n","protected":false},"excerpt":{"rendered":"<p>BA\u015eKAN BOLTA\u00c7,\u00a0 CHP\u2019N\u0130N \u2018BELED\u0130YE BA\u015eKANLARI BULU\u015eMASI\u2019NA KATILDI Tarsus Belediye Ba\u015fkan\u0131 Ali Bolta\u00e7, Cumhuriyet Halk Partisi (CHP) Genel Ba\u015fkan\u0131 \u00d6zg\u00fcr \u00d6zel\u2019in ba\u015fkanl\u0131\u011f\u0131nda Ankara\u2019da ger\u00e7ekle\u015ftirilen&nbsp; \u2018Belediye Ba\u015fkanlar\u0131 Bulu\u015fmas\u0131na\u2019 kat\u0131ld\u0131. CHP Genel Merkezi\u2019nde ger\u00e7ekle\u015ftirilen toplant\u0131da, yerel y\u00f6netimlerin kar\u015f\u0131la\u015ft\u0131\u011f\u0131 sorunlar ve \u00e7\u00f6z\u00fcm \u00f6nerilerinin de ele al\u0131nd\u0131\u011f\u0131 toplant\u0131da, belediyecilik hizmetlerinin bundan sonraki s\u00fcre\u00e7te daha planl\u0131, verimli ve s\u00fcrd\u00fcr\u00fclebilir hale getirilmesi [&hellip;]<\/p>\n","protected":false},"author":1,"featured_media":8785,"comment_status":"open","ping_status":"open","sticky":false,"template":"","format":"standard","meta":{"footnotes":""},"categories":[2],"tags":[],"ppma_author":[14],"class_list":["post-8796","post","type-post","status-publish","format-standard","has-post-thumbnail","hentry","category-guncel"],"authors":[{"term_id":14,"user_id":1,"is_guest":0,"slug":"admin","display_name":"admin","avatar_url":{"url":"https:\/\/tarsusyenihaber.com\/wp-content\/uploads\/2024\/09\/2024tynhaber1-1.jpg","url2x":"https:\/\/tarsusyenihaber.com\/wp-content\/uploads\/2024\/09\/2024tynhaber1-1.jpg"},"1":"","2":"","3":"","4":"","5":"","6":"","7":"","8":""}],"_links":{"self":[{"href":"https:\/\/tarsusyenihaber.com\/index.php\/wp-json\/wp\/v2\/posts\/8796"}],"collection":[{"href":"https:\/\/tarsusyenihaber.com\/index.php\/wp-json\/wp\/v2\/posts"}],"about":[{"href":"https:\/\/tarsusyenihaber.com\/index.php\/wp-json\/wp\/v2\/types\/post"}],"author":[{"embeddable":true,"href":"https:\/\/tarsusyenihaber.com\/index.php\/wp-json\/wp\/v2\/users\/1"}],"replies":[{"embeddable":true,"href":"https:\/\/tarsusyenihaber.com\/index.php\/wp-json\/wp\/v2\/comments?post=8796"}],"version-history":[{"count":1,"href":"https:\/\/tarsusyenihaber.com\/index.php\/wp-json\/wp\/v2\/posts\/8796\/revisions"}],"predecessor-version":[{"id":8797,"href":"https:\/\/tarsusyenihaber.com\/index.php\/wp-json\/wp\/v2\/posts\/8796\/revisions\/8797"}],"wp:featuredmedia":[{"embeddable":true,"href":"https:\/\/tarsusyenihaber.com\/index.php\/wp-json\/wp\/v2\/media\/8785"}],"wp:attachment":[{"href":"https:\/\/tarsusyenihaber.com\/index.php\/wp-json\/wp\/v2\/media?parent=8796"}],"wp:term":[{"taxonomy":"category","embeddable":true,"href":"https:\/\/tarsusyenihaber.com\/index.php\/wp-json\/wp\/v2\/categories?post=8796"},{"taxonomy":"post_tag","embeddable":true,"href":"https:\/\/tarsusyenihaber.com\/index.php\/wp-json\/wp\/v2\/tags?post=8796"},{"taxonomy":"author","embeddable":true,"href":"https:\/\/tarsusyenihaber.com\/index.php\/wp-json\/wp\/v2\/ppma_author?post=8796"}],"curies":[{"name":"wp","href":"https:\/\/api.w.org\/{rel}","templated":true}]}}