{"id":8794,"date":"2026-04-27T18:54:42","date_gmt":"2026-04-27T15:54:42","guid":{"rendered":"https:\/\/tarsusyenihaber.com\/?p=8794"},"modified":"2026-04-27T18:54:42","modified_gmt":"2026-04-27T15:54:42","slug":"camliyayla-ilcesine-arac-sarj-istasyonu-kuruluyor","status":"publish","type":"post","link":"https:\/\/tarsusyenihaber.com\/index.php\/2026\/04\/27\/camliyayla-ilcesine-arac-sarj-istasyonu-kuruluyor\/","title":{"rendered":"\u00c7AMLIYAYLA \u0130L\u00c7ES\u0130NE, ARA\u00c7 \u015eARJ \u0130STASYONU KURULUYOR"},"content":{"rendered":"\n<p>\u00c7AMLIYAYLA \u0130L\u00c7ES\u0130NE, ARA\u00c7 \u015eARJ \u0130STASYONU KURULUYOR<\/p>\n\n\n\n<p>\u00c7aml\u0131yayla Belediye Ba\u015fkan\u0131 Mehmet Fatih Sofu, il\u00e7ede b\u00fcy\u00fck bir eksikli\u011fi bulunan Ara\u00e7 \u015earj \u0130stasyonu i\u00e7in \u00e7al\u0131\u015fmalara ba\u015flad\u0131.<\/p>\n\n\n\n<p>Yaz\u0131n n\u00fcfusu 100 binleri ge\u00e7en \u00c7aml\u0131yayla il\u00e7esinde iki adet Ara\u00e7 \u015earj \u0130stasyonu kurulmas\u0131 i\u00e7in \u00e7al\u0131malar devam ediyor.<\/p>\n\n\n\n<p>Belediye Ba\u015fkan\u0131 Mehmet Fatih Sofu, Tarsus Yeni Haber portal\u0131na yapt\u0131\u011f\u0131 a\u00e7\u0131klamas\u0131nda merkez \u00e7ar\u015f\u0131 giri\u015finde altyap\u0131s\u0131 tamamlanan \u00e7al\u0131\u015fmalarda bir adet h\u0131zl\u0131, bir adet normal olmak \u00fczere 2 adet \u015farj cihaz\u0131n\u0131n bu hafta i\u00e7erisinde monte edilerek kullan\u0131ma a\u00e7\u0131laca\u011f\u0131n\u0131 s\u00f6yledi.<\/p>\n\n\n\n<p>T\u00fcrkiye\u2019de say\u0131s\u0131 h\u0131zla artan elektrikli ara\u00e7lar\u0131n, \u015farj istasyonu ihtiyac\u0131n\u0131 da beraberinde getirdi\u011fini hat\u0131rlatan Ba\u015fkan Sofu, \u201c\u00c7aml\u0131yayla Belediyesi olarak bu ihtiyac\u0131n giderilmesi noktas\u0131nda bir dizi temaslarda bulunmu\u015ftuk. Temaslar\u0131m\u0131z sonucunda \u00e7ar\u015f\u0131 merkezi giri\u015fine<\/p>\n\n\n\n<p>bir adet h\u0131zl\u0131, bir adet normal olmak \u00fczere 2 adet \u015farj cihaz\u0131 koymay\u0131 uygun g\u00f6rd\u00fck. \u015earj cihazlar\u0131n\u0131n bu hafta i\u00e7erisinde kurulumlar\u0131 yap\u0131lacak. \u00c7aml\u0131yayla Belediyesi olarak yaz d\u00f6nemi \u00f6ncesi \u00f6nemli bir eksi\u011fi de tamamlam\u0131\u015f olaca\u011f\u0131z Eme\u011fi ge\u00e7en herekse te\u015fekk\u00fcr ediyorum\u201d ifadesini kulland\u0131.<\/p>\n","protected":false},"excerpt":{"rendered":"<p>\u00c7AMLIYAYLA \u0130L\u00c7ES\u0130NE, ARA\u00c7 \u015eARJ \u0130STASYONU KURULUYOR \u00c7aml\u0131yayla Belediye Ba\u015fkan\u0131 Mehmet Fatih Sofu, il\u00e7ede b\u00fcy\u00fck bir eksikli\u011fi bulunan Ara\u00e7 \u015earj \u0130stasyonu i\u00e7in \u00e7al\u0131\u015fmalara ba\u015flad\u0131. Yaz\u0131n n\u00fcfusu 100 binleri ge\u00e7en \u00c7aml\u0131yayla il\u00e7esinde iki adet Ara\u00e7 \u015earj \u0130stasyonu kurulmas\u0131 i\u00e7in \u00e7al\u0131malar devam ediyor. Belediye Ba\u015fkan\u0131 Mehmet Fatih Sofu, Tarsus Yeni Haber portal\u0131na yapt\u0131\u011f\u0131 a\u00e7\u0131klamas\u0131nda merkez \u00e7ar\u015f\u0131 giri\u015finde altyap\u0131s\u0131 [&hellip;]<\/p>\n","protected":false},"author":1,"featured_media":8788,"comment_status":"open","ping_status":"open","sticky":false,"template":"","format":"standard","meta":{"footnotes":""},"categories":[2],"tags":[],"ppma_author":[14],"class_list":["post-8794","post","type-post","status-publish","format-standard","has-post-thumbnail","hentry","category-guncel"],"authors":[{"term_id":14,"user_id":1,"is_guest":0,"slug":"admin","display_name":"admin","avatar_url":{"url":"https:\/\/tarsusyenihaber.com\/wp-content\/uploads\/2024\/09\/2024tynhaber1-1.jpg","url2x":"https:\/\/tarsusyenihaber.com\/wp-content\/uploads\/2024\/09\/2024tynhaber1-1.jpg"},"1":"","2":"","3":"","4":"","5":"","6":"","7":"","8":""}],"_links":{"self":[{"href":"https:\/\/tarsusyenihaber.com\/index.php\/wp-json\/wp\/v2\/posts\/8794"}],"collection":[{"href":"https:\/\/tarsusyenihaber.com\/index.php\/wp-json\/wp\/v2\/posts"}],"about":[{"href":"https:\/\/tarsusyenihaber.com\/index.php\/wp-json\/wp\/v2\/types\/post"}],"author":[{"embeddable":true,"href":"https:\/\/tarsusyenihaber.com\/index.php\/wp-json\/wp\/v2\/users\/1"}],"replies":[{"embeddable":true,"href":"https:\/\/tarsusyenihaber.com\/index.php\/wp-json\/wp\/v2\/comments?post=8794"}],"version-history":[{"count":1,"href":"https:\/\/tarsusyenihaber.com\/index.php\/wp-json\/wp\/v2\/posts\/8794\/revisions"}],"predecessor-version":[{"id":8795,"href":"https:\/\/tarsusyenihaber.com\/index.php\/wp-json\/wp\/v2\/posts\/8794\/revisions\/8795"}],"wp:featuredmedia":[{"embeddable":true,"href":"https:\/\/tarsusyenihaber.com\/index.php\/wp-json\/wp\/v2\/media\/8788"}],"wp:attachment":[{"href":"https:\/\/tarsusyenihaber.com\/index.php\/wp-json\/wp\/v2\/media?parent=8794"}],"wp:term":[{"taxonomy":"category","embeddable":true,"href":"https:\/\/tarsusyenihaber.com\/index.php\/wp-json\/wp\/v2\/categories?post=8794"},{"taxonomy":"post_tag","embeddable":true,"href":"https:\/\/tarsusyenihaber.com\/index.php\/wp-json\/wp\/v2\/tags?post=8794"},{"taxonomy":"author","embeddable":true,"href":"https:\/\/tarsusyenihaber.com\/index.php\/wp-json\/wp\/v2\/ppma_author?post=8794"}],"curies":[{"name":"wp","href":"https:\/\/api.w.org\/{rel}","templated":true}]}}