{"id":8792,"date":"2026-04-27T18:54:00","date_gmt":"2026-04-27T15:54:00","guid":{"rendered":"https:\/\/tarsusyenihaber.com\/?p=8792"},"modified":"2026-04-27T18:54:00","modified_gmt":"2026-04-27T15:54:00","slug":"ilce-jandarma-komutani-binbasi-binbasi-guler-ogrencilerle-bulustu","status":"publish","type":"post","link":"https:\/\/tarsusyenihaber.com\/index.php\/2026\/04\/27\/ilce-jandarma-komutani-binbasi-binbasi-guler-ogrencilerle-bulustu\/","title":{"rendered":"\u0130L\u00c7E JANDARMA KOMUTANI B\u0130NBA\u015eI B\u0130NBA\u015eI G\u00dcLER, \u00d6\u011eRENC\u0130LERLE BULU\u015eTU"},"content":{"rendered":"\n<p>\u0130L\u00c7E JANDARMA KOMUTANI B\u0130NBA\u015eI B\u0130NBA\u015eI G\u00dcLER, \u00d6\u011eRENC\u0130LERLE BULU\u015eTU<\/p>\n\n\n\n<p>Tarsus Kaymakaml\u0131\u011f\u0131 koordinesinde y\u00fcr\u00fct\u00fclen B\u00fcy\u00fck \u0130l\u00e7eler G\u00fcven ve D\u00f6n\u00fc\u015f\u00fcm Projesi kapsam\u0131nda d\u00fczenlenen \u2018Okul Aile El Ele\u2019 etkinli\u011fi \u00e7er\u00e7evesinde, \u015eehit Cengiz Topel Anadolu Lisesi \u00f6\u011frencileri \u00f6nemli bir misafiri a\u011f\u0131rlad\u0131.<\/p>\n\n\n\n<p>Etkinlik kapsam\u0131nda \u0130l\u00e7e Jandarma Komutan\u0131 Binba\u015f\u0131 Mehmet G\u00fcler, okulu ziyaret ederek \u00f6\u011frencilerle bir araya geldi. Ziyaret s\u0131ras\u0131nda \u00f6\u011frencilere jandarma te\u015fkilat\u0131n\u0131n g\u00f6revleri, sorumluluklar\u0131 ve meslek hayat\u0131 hakk\u0131nda bilgiler veren Binba\u015f\u0131 G\u00fcler, \u00f6\u011frencilerin merak etti\u011fi sorular\u0131 da yan\u0131tlad\u0131.<\/p>\n\n\n\n<p>\u00d6\u011frencilerle samimi bir ortamda ger\u00e7ekle\u015fen bulu\u015fmada, g\u00fcvenlik g\u00fc\u00e7lerinin toplum i\u00e7in ta\u015f\u0131d\u0131\u011f\u0131 \u00f6nem vurgulan\u0131rken, meslek se\u00e7imi konusunda da \u00f6\u011frencilere tavsiyelerde bulunuldu. \u00d6\u011frenciler, Jandarma mesle\u011fi hakk\u0131nda do\u011frudan bilgi alma f\u0131rsat\u0131 bulduklar\u0131 etkinlikten memnuniyet duyduklar\u0131n\u0131 ifade etti.<\/p>\n\n\n\n<p>Okul y\u00f6netimi ise bu t\u00fcr etkinliklerin \u00f6\u011frencilerin farkl\u0131 meslekleri tan\u0131mas\u0131na \u00e7ok b\u00fcy\u00fck katk\u0131 sa\u011flad\u0131\u011f\u0131n\u0131 ifade ettiler.<\/p>\n","protected":false},"excerpt":{"rendered":"<p>\u0130L\u00c7E JANDARMA KOMUTANI B\u0130NBA\u015eI B\u0130NBA\u015eI G\u00dcLER, \u00d6\u011eRENC\u0130LERLE BULU\u015eTU Tarsus Kaymakaml\u0131\u011f\u0131 koordinesinde y\u00fcr\u00fct\u00fclen B\u00fcy\u00fck \u0130l\u00e7eler G\u00fcven ve D\u00f6n\u00fc\u015f\u00fcm Projesi kapsam\u0131nda d\u00fczenlenen \u2018Okul Aile El Ele\u2019 etkinli\u011fi \u00e7er\u00e7evesinde, \u015eehit Cengiz Topel Anadolu Lisesi \u00f6\u011frencileri \u00f6nemli bir misafiri a\u011f\u0131rlad\u0131. Etkinlik kapsam\u0131nda \u0130l\u00e7e Jandarma Komutan\u0131 Binba\u015f\u0131 Mehmet G\u00fcler, okulu ziyaret ederek \u00f6\u011frencilerle bir araya geldi. Ziyaret s\u0131ras\u0131nda \u00f6\u011frencilere jandarma [&hellip;]<\/p>\n","protected":false},"author":1,"featured_media":8789,"comment_status":"open","ping_status":"open","sticky":false,"template":"","format":"standard","meta":{"footnotes":""},"categories":[2],"tags":[],"ppma_author":[14],"class_list":["post-8792","post","type-post","status-publish","format-standard","has-post-thumbnail","hentry","category-guncel"],"authors":[{"term_id":14,"user_id":1,"is_guest":0,"slug":"admin","display_name":"admin","avatar_url":{"url":"https:\/\/tarsusyenihaber.com\/wp-content\/uploads\/2024\/09\/2024tynhaber1-1.jpg","url2x":"https:\/\/tarsusyenihaber.com\/wp-content\/uploads\/2024\/09\/2024tynhaber1-1.jpg"},"1":"","2":"","3":"","4":"","5":"","6":"","7":"","8":""}],"_links":{"self":[{"href":"https:\/\/tarsusyenihaber.com\/index.php\/wp-json\/wp\/v2\/posts\/8792"}],"collection":[{"href":"https:\/\/tarsusyenihaber.com\/index.php\/wp-json\/wp\/v2\/posts"}],"about":[{"href":"https:\/\/tarsusyenihaber.com\/index.php\/wp-json\/wp\/v2\/types\/post"}],"author":[{"embeddable":true,"href":"https:\/\/tarsusyenihaber.com\/index.php\/wp-json\/wp\/v2\/users\/1"}],"replies":[{"embeddable":true,"href":"https:\/\/tarsusyenihaber.com\/index.php\/wp-json\/wp\/v2\/comments?post=8792"}],"version-history":[{"count":1,"href":"https:\/\/tarsusyenihaber.com\/index.php\/wp-json\/wp\/v2\/posts\/8792\/revisions"}],"predecessor-version":[{"id":8793,"href":"https:\/\/tarsusyenihaber.com\/index.php\/wp-json\/wp\/v2\/posts\/8792\/revisions\/8793"}],"wp:featuredmedia":[{"embeddable":true,"href":"https:\/\/tarsusyenihaber.com\/index.php\/wp-json\/wp\/v2\/media\/8789"}],"wp:attachment":[{"href":"https:\/\/tarsusyenihaber.com\/index.php\/wp-json\/wp\/v2\/media?parent=8792"}],"wp:term":[{"taxonomy":"category","embeddable":true,"href":"https:\/\/tarsusyenihaber.com\/index.php\/wp-json\/wp\/v2\/categories?post=8792"},{"taxonomy":"post_tag","embeddable":true,"href":"https:\/\/tarsusyenihaber.com\/index.php\/wp-json\/wp\/v2\/tags?post=8792"},{"taxonomy":"author","embeddable":true,"href":"https:\/\/tarsusyenihaber.com\/index.php\/wp-json\/wp\/v2\/ppma_author?post=8792"}],"curies":[{"name":"wp","href":"https:\/\/api.w.org\/{rel}","templated":true}]}}