{"id":8784,"date":"2026-04-27T18:53:22","date_gmt":"2026-04-27T15:53:22","guid":{"rendered":"https:\/\/tarsusyenihaber.com\/?p=8784"},"modified":"2026-04-27T18:53:22","modified_gmt":"2026-04-27T15:53:22","slug":"ziraat-odasi-baskani-avcidan-av-barutcu-icin-taziye-mesaji","status":"publish","type":"post","link":"https:\/\/tarsusyenihaber.com\/index.php\/2026\/04\/27\/ziraat-odasi-baskani-avcidan-av-barutcu-icin-taziye-mesaji\/","title":{"rendered":"Z\u0130RAAT ODASI BA\u015eKANI AVCI\u2019DAN, AV. BARUTCU \u0130\u00c7\u0130N \u2018TAZ\u0130YE\u2019 MESAJI"},"content":{"rendered":"\n<p>Z\u0130RAAT ODASI BA\u015eKANI AVCI\u2019DAN, AV. BARUTCU \u0130\u00c7\u0130N \u2018TAZ\u0130YE\u2019 MESAJI<\/p>\n\n\n\n<p>Tarsus Ziraat Odas\u0131 Ba\u015fkan\u0131 ve Mersin B\u00fcy\u00fck\u015fehir Belediye Ba\u015fkan Vekili Veyis Avc\u0131, hakk\u0131n rahmetine kavu\u015fan Av. Afife Barutcu i\u00e7in taziye mesaj\u0131 yay\u0131nlad\u0131.<\/p>\n\n\n\n<p>Ba\u015fkan Avc\u0131 mesaj\u0131nda \u201cTarsus e\u015fraf\u0131ndan Barutcu ailesinden Avukat Afife Barutcu hakk\u0131n rahmetine kavu\u015fmu\u015ftur. Cenazesi 28 Nisan Sal\u0131 g\u00fcn\u00fc saat 13:00 de \u0130stanbul Zincirlikuyu Camii\u2019nde k\u0131l\u0131nacak cenaze namaz\u0131n\u0131n ard\u0131ndan, Bah\u00e7ek\u00f6y Mezarl\u0131\u011f\u0131nda defnedilecektir.<\/p>\n\n\n\n<p>Ailesi ve sevenlerine ba\u015f sa\u011fl\u0131\u011f\u0131 dilerim. Allah rahmet eylesin mek\u00e2n\u0131 cennet olsun in\u015fallah\u201d ifadesini kulland\u0131.<\/p>\n\n\n\n<p>T\u00fcrkiye\u2019nin tan\u0131nm\u0131\u015f Avukatlar\u0131nda biri olan Av. Afife Barutcu i\u00e7in taziyede bulunacak olanlar\u0131n evlatlar\u0131 Bar\u0131\u015f ve P\u0131r\u0131l\u2019\u0131n 0 (532)&nbsp;357 50 61&nbsp;telefonu arayabilirler.&nbsp;<\/p>\n","protected":false},"excerpt":{"rendered":"<p>Z\u0130RAAT ODASI BA\u015eKANI AVCI\u2019DAN, AV. BARUTCU \u0130\u00c7\u0130N \u2018TAZ\u0130YE\u2019 MESAJI Tarsus Ziraat Odas\u0131 Ba\u015fkan\u0131 ve Mersin B\u00fcy\u00fck\u015fehir Belediye Ba\u015fkan Vekili Veyis Avc\u0131, hakk\u0131n rahmetine kavu\u015fan Av. Afife Barutcu i\u00e7in taziye mesaj\u0131 yay\u0131nlad\u0131. Ba\u015fkan Avc\u0131 mesaj\u0131nda \u201cTarsus e\u015fraf\u0131ndan Barutcu ailesinden Avukat Afife Barutcu hakk\u0131n rahmetine kavu\u015fmu\u015ftur. Cenazesi 28 Nisan Sal\u0131 g\u00fcn\u00fc saat 13:00 de \u0130stanbul Zincirlikuyu Camii\u2019nde [&hellip;]<\/p>\n","protected":false},"author":1,"featured_media":8790,"comment_status":"open","ping_status":"open","sticky":false,"template":"","format":"standard","meta":{"footnotes":""},"categories":[2],"tags":[],"ppma_author":[14],"class_list":["post-8784","post","type-post","status-publish","format-standard","has-post-thumbnail","hentry","category-guncel"],"authors":[{"term_id":14,"user_id":1,"is_guest":0,"slug":"admin","display_name":"admin","avatar_url":{"url":"https:\/\/tarsusyenihaber.com\/wp-content\/uploads\/2024\/09\/2024tynhaber1-1.jpg","url2x":"https:\/\/tarsusyenihaber.com\/wp-content\/uploads\/2024\/09\/2024tynhaber1-1.jpg"},"1":"","2":"","3":"","4":"","5":"","6":"","7":"","8":""}],"_links":{"self":[{"href":"https:\/\/tarsusyenihaber.com\/index.php\/wp-json\/wp\/v2\/posts\/8784"}],"collection":[{"href":"https:\/\/tarsusyenihaber.com\/index.php\/wp-json\/wp\/v2\/posts"}],"about":[{"href":"https:\/\/tarsusyenihaber.com\/index.php\/wp-json\/wp\/v2\/types\/post"}],"author":[{"embeddable":true,"href":"https:\/\/tarsusyenihaber.com\/index.php\/wp-json\/wp\/v2\/users\/1"}],"replies":[{"embeddable":true,"href":"https:\/\/tarsusyenihaber.com\/index.php\/wp-json\/wp\/v2\/comments?post=8784"}],"version-history":[{"count":1,"href":"https:\/\/tarsusyenihaber.com\/index.php\/wp-json\/wp\/v2\/posts\/8784\/revisions"}],"predecessor-version":[{"id":8791,"href":"https:\/\/tarsusyenihaber.com\/index.php\/wp-json\/wp\/v2\/posts\/8784\/revisions\/8791"}],"wp:featuredmedia":[{"embeddable":true,"href":"https:\/\/tarsusyenihaber.com\/index.php\/wp-json\/wp\/v2\/media\/8790"}],"wp:attachment":[{"href":"https:\/\/tarsusyenihaber.com\/index.php\/wp-json\/wp\/v2\/media?parent=8784"}],"wp:term":[{"taxonomy":"category","embeddable":true,"href":"https:\/\/tarsusyenihaber.com\/index.php\/wp-json\/wp\/v2\/categories?post=8784"},{"taxonomy":"post_tag","embeddable":true,"href":"https:\/\/tarsusyenihaber.com\/index.php\/wp-json\/wp\/v2\/tags?post=8784"},{"taxonomy":"author","embeddable":true,"href":"https:\/\/tarsusyenihaber.com\/index.php\/wp-json\/wp\/v2\/ppma_author?post=8784"}],"curies":[{"name":"wp","href":"https:\/\/api.w.org\/{rel}","templated":true}]}}