{"id":8779,"date":"2026-04-27T10:44:12","date_gmt":"2026-04-27T07:44:12","guid":{"rendered":"https:\/\/tarsusyenihaber.com\/?p=8779"},"modified":"2026-04-27T10:44:12","modified_gmt":"2026-04-27T07:44:12","slug":"hukumet-konagi-cevresinde-otopark-sorununa-kalici-adim","status":"publish","type":"post","link":"https:\/\/tarsusyenihaber.com\/index.php\/2026\/04\/27\/hukumet-konagi-cevresinde-otopark-sorununa-kalici-adim\/","title":{"rendered":"H\u00dcK\u00dcMET KONA\u011eI \u00c7EVRES\u0130NDE OTOPARK SORUNUNA KALICI ADIM"},"content":{"rendered":"\n<p><strong>H\u00dcK\u00dcMET KONA\u011eI \u00c7EVRES\u0130NDE OTOPARK SORUNUNA KALICI ADIM<\/strong><\/p>\n\n\n\n<p>Tarsus Belediyesi, Fevzi \u00c7akmak Mahallesi\u2019nde AVM ve H\u00fck\u00fcmet Kona\u011f\u0131 \u00e7evresinde ya\u015fanan otopark sorununu \u00e7\u00f6zmek amac\u0131yla \u00f6nemli bir \u00e7al\u0131\u015fmay\u0131 hayata ge\u00e7irdi. Yakla\u015f\u0131k 2 bin 250 metrekarelik alanda y\u00fcr\u00fct\u00fclen \u00e7al\u0131\u015fmalar kapsam\u0131nda 400 ton asfalt serilerek 100 ara\u00e7 kapasiteli yeni bir otopark alan\u0131 kazand\u0131r\u0131ld\u0131.<\/p>\n\n\n\n<p>B\u00f6lgedeki yo\u011fun yap\u0131la\u015fma ve artan ara\u00e7 say\u0131s\u0131na ba\u011fl\u0131 olarak b\u00fcy\u00fcyen ihtiyaca yan\u0131t veren \u00e7al\u0131\u015fma ile hem trafik y\u00fck\u00fcn\u00fcn hafifletilmesi hem de kent d\u00fczeninin iyile\u015ftirilmesi hedeflendi.<\/p>\n\n\n\n<figure class=\"wp-block-image size-large\"><img loading=\"lazy\" decoding=\"async\" width=\"1024\" height=\"768\" src=\"http:\/\/tarsusyenihaber.com\/wp-content\/uploads\/2026\/04\/3-15-1024x768.jpeg\" alt=\"\" class=\"wp-image-8782\" srcset=\"https:\/\/tarsusyenihaber.com\/wp-content\/uploads\/2026\/04\/3-15-1024x768.jpeg 1024w, https:\/\/tarsusyenihaber.com\/wp-content\/uploads\/2026\/04\/3-15-300x225.jpeg 300w, https:\/\/tarsusyenihaber.com\/wp-content\/uploads\/2026\/04\/3-15-768x576.jpeg 768w, https:\/\/tarsusyenihaber.com\/wp-content\/uploads\/2026\/04\/3-15-1536x1151.jpeg 1536w, https:\/\/tarsusyenihaber.com\/wp-content\/uploads\/2026\/04\/3-15-2048x1535.jpeg 2048w\" sizes=\"(max-width: 1024px) 100vw, 1024px\" \/><\/figure>\n\n\n\n<p><strong>BA\u015eKAN AL\u0130 BOLTA\u00c7: \u201cOTOPARK SORUNUNU ADIM ADIM \u00c7\u00d6ZECE\u011e\u0130Z\u201d<\/strong><\/p>\n\n\n\n<p>\u00c7al\u0131\u015fmalar\u0131 yerinde inceleyen Ba\u015fkan Ali Bolta\u00e7, Tarsus\u2019un farkl\u0131 noktalar\u0131nda benzer ihtiya\u00e7lara y\u00f6nelik \u00e7al\u0131\u015fmalar\u0131n s\u00fcrd\u00fc\u011f\u00fcn\u00fc belirterek, \u201cTarsus\u2019ta \u00f6zellikle yo\u011fun b\u00f6lgelerde otopark ihtiyac\u0131 \u00f6nemli bir konu. Fevzi \u00c7akmak Mahallemizde bu ihtiyaca kar\u015f\u0131l\u0131k verecek 100 ara\u00e7l\u0131k bir alan olu\u015fturduk. Bu sadece bir ba\u015flang\u0131\u00e7. Kentimizin farkl\u0131 noktalar\u0131nda yeni otopark alanlar\u0131 olu\u015fturmaya devam edece\u011fiz.\u201d dedi.<\/p>\n\n\n\n<p>Hizmetlerin sahadaki ihtiya\u00e7lara g\u00f6re planland\u0131\u011f\u0131n\u0131 vurgulayan Ba\u015fkan Bolta\u00e7, ekip \u00e7al\u0131\u015fmas\u0131n\u0131n \u00f6nemine dikkat \u00e7ekerek eme\u011fi ge\u00e7en t\u00fcm Tarsus Belediyesi personeline ve meclis \u00fcyelerine te\u015fekk\u00fcr etti.<\/p>\n\n\n\n<figure class=\"wp-block-image size-large\"><img loading=\"lazy\" decoding=\"async\" width=\"1024\" height=\"767\" src=\"http:\/\/tarsusyenihaber.com\/wp-content\/uploads\/2026\/04\/6-8-1024x767.jpeg\" alt=\"\" class=\"wp-image-8780\" srcset=\"https:\/\/tarsusyenihaber.com\/wp-content\/uploads\/2026\/04\/6-8-1024x767.jpeg 1024w, https:\/\/tarsusyenihaber.com\/wp-content\/uploads\/2026\/04\/6-8-300x225.jpeg 300w, https:\/\/tarsusyenihaber.com\/wp-content\/uploads\/2026\/04\/6-8-768x575.jpeg 768w, https:\/\/tarsusyenihaber.com\/wp-content\/uploads\/2026\/04\/6-8-1536x1150.jpeg 1536w, https:\/\/tarsusyenihaber.com\/wp-content\/uploads\/2026\/04\/6-8-2048x1534.jpeg 2048w\" sizes=\"(max-width: 1024px) 100vw, 1024px\" \/><\/figure>\n\n\n\n<p><strong>ESNAF VE VATANDA\u015eTAN BA\u015eKAN BOLTA\u00c7\u2019A TE\u015eEKK\u00dcR<\/strong><\/p>\n\n\n\n<p>B\u00f6lge esnaf\u0131, ya\u011f\u0131\u015flar\u0131n ba\u015flamas\u0131yla birlikte alan\u0131n \u00e7amur i\u00e7inde kald\u0131\u011f\u0131n\u0131 ve kullan\u0131m\u0131n\u0131n zorla\u015ft\u0131\u011f\u0131n\u0131 belirterek yap\u0131lan d\u00fczenlemeden duyduklar\u0131 memnuniyeti dile getirdi. Esnaflar, \u201c\u00d6nceden ara\u00e7 park etmek de y\u00fcr\u00fcmek de zordu. \u015eimdi hem d\u00fczenli hem temiz bir alan oldu. \u0130\u015fimizi de rahatlatan bir \u00e7al\u0131\u015fma oldu.\u201d ifadelerini kulland\u0131.<\/p>\n\n\n\n<p><br>Yeni otopark alan\u0131n\u0131n \u00f6zellikle esnaf ve vatanda\u015flar i\u00e7in \u00f6nemli bir ihtiyac\u0131 kar\u015f\u0131lad\u0131\u011f\u0131n\u0131 belirten b\u00f6lge sakinleri, Tarsus Belediyesi Ba\u015fkan\u0131 Ali Bolta\u00e7\u2019a te\u015fekk\u00fcrlerini iletti.<\/p>\n","protected":false},"excerpt":{"rendered":"<p>H\u00dcK\u00dcMET KONA\u011eI \u00c7EVRES\u0130NDE OTOPARK SORUNUNA KALICI ADIM Tarsus Belediyesi, Fevzi \u00c7akmak Mahallesi\u2019nde AVM ve H\u00fck\u00fcmet Kona\u011f\u0131 \u00e7evresinde ya\u015fanan otopark sorununu \u00e7\u00f6zmek amac\u0131yla \u00f6nemli bir \u00e7al\u0131\u015fmay\u0131 hayata ge\u00e7irdi. Yakla\u015f\u0131k 2 bin 250 metrekarelik alanda y\u00fcr\u00fct\u00fclen \u00e7al\u0131\u015fmalar kapsam\u0131nda 400 ton asfalt serilerek 100 ara\u00e7 kapasiteli yeni bir otopark alan\u0131 kazand\u0131r\u0131ld\u0131. B\u00f6lgedeki yo\u011fun yap\u0131la\u015fma ve artan ara\u00e7 say\u0131s\u0131na [&hellip;]<\/p>\n","protected":false},"author":1,"featured_media":8781,"comment_status":"open","ping_status":"open","sticky":false,"template":"","format":"standard","meta":{"footnotes":""},"categories":[2],"tags":[],"ppma_author":[14],"class_list":["post-8779","post","type-post","status-publish","format-standard","has-post-thumbnail","hentry","category-guncel"],"authors":[{"term_id":14,"user_id":1,"is_guest":0,"slug":"admin","display_name":"admin","avatar_url":{"url":"https:\/\/tarsusyenihaber.com\/wp-content\/uploads\/2024\/09\/2024tynhaber1-1.jpg","url2x":"https:\/\/tarsusyenihaber.com\/wp-content\/uploads\/2024\/09\/2024tynhaber1-1.jpg"},"1":"","2":"","3":"","4":"","5":"","6":"","7":"","8":""}],"_links":{"self":[{"href":"https:\/\/tarsusyenihaber.com\/index.php\/wp-json\/wp\/v2\/posts\/8779"}],"collection":[{"href":"https:\/\/tarsusyenihaber.com\/index.php\/wp-json\/wp\/v2\/posts"}],"about":[{"href":"https:\/\/tarsusyenihaber.com\/index.php\/wp-json\/wp\/v2\/types\/post"}],"author":[{"embeddable":true,"href":"https:\/\/tarsusyenihaber.com\/index.php\/wp-json\/wp\/v2\/users\/1"}],"replies":[{"embeddable":true,"href":"https:\/\/tarsusyenihaber.com\/index.php\/wp-json\/wp\/v2\/comments?post=8779"}],"version-history":[{"count":1,"href":"https:\/\/tarsusyenihaber.com\/index.php\/wp-json\/wp\/v2\/posts\/8779\/revisions"}],"predecessor-version":[{"id":8783,"href":"https:\/\/tarsusyenihaber.com\/index.php\/wp-json\/wp\/v2\/posts\/8779\/revisions\/8783"}],"wp:featuredmedia":[{"embeddable":true,"href":"https:\/\/tarsusyenihaber.com\/index.php\/wp-json\/wp\/v2\/media\/8781"}],"wp:attachment":[{"href":"https:\/\/tarsusyenihaber.com\/index.php\/wp-json\/wp\/v2\/media?parent=8779"}],"wp:term":[{"taxonomy":"category","embeddable":true,"href":"https:\/\/tarsusyenihaber.com\/index.php\/wp-json\/wp\/v2\/categories?post=8779"},{"taxonomy":"post_tag","embeddable":true,"href":"https:\/\/tarsusyenihaber.com\/index.php\/wp-json\/wp\/v2\/tags?post=8779"},{"taxonomy":"author","embeddable":true,"href":"https:\/\/tarsusyenihaber.com\/index.php\/wp-json\/wp\/v2\/ppma_author?post=8779"}],"curies":[{"name":"wp","href":"https:\/\/api.w.org\/{rel}","templated":true}]}}