{"id":4704,"date":"2025-05-17T03:23:00","date_gmt":"2025-05-17T00:23:00","guid":{"rendered":"https:\/\/tarsusyenihaber.com\/?p=4704"},"modified":"2025-05-22T09:26:51","modified_gmt":"2025-05-22T06:26:51","slug":"erdal-ayce-kadinlar-matinelerinde-artik-bir-marka","status":"publish","type":"post","link":"https:\/\/tarsusyenihaber.com\/index.php\/2025\/05\/17\/erdal-ayce-kadinlar-matinelerinde-artik-bir-marka\/","title":{"rendered":"ERDAL AY\u00c7E, KADINLAR MAT\u0130NELER\u0130NDE ARTIK B\u0130R MARKA."},"content":{"rendered":"\n<p><strong>Tarsus Salon Ayana\u2019da kad\u0131nlar\u0131n bulu\u015ftu\u011fu sahne,<\/strong> <strong>\u201cErdal Ay\u00e7e ile Ajda Pekkan \u015eark\u0131lar\u0131\u201d matinesiyle adeta yeniden yaz\u0131ld\u0131.<\/strong>&nbsp;Burada \u015fark\u0131 s\u00f6ylemek yetmez,&nbsp;<strong>bu sahne bir deneyim, bir duru\u015f, bir imza ta\u015f\u0131yor.<\/strong>&nbsp;Konsept yine yeniden \u00e7ok \u00f6zeldi. Kad\u0131nlar matinesi, ba\u015ftan sona&nbsp;<strong>\u00f6zenle tasarlanm\u0131\u015ft\u0131.<\/strong>&nbsp;\u015eark\u0131lar, \u0131\u015f\u0131klar, atmosfer tek tek d\u00fc\u015f\u00fcn\u00fclm\u00fc\u015ft\u00fc. Salonun atmosferi,&nbsp;<strong>m\u00fczikal mini festival havas\u0131ndayd\u0131.<\/strong><\/p>\n\n\n\n<p>Ve tabii ki\u2026<br>Matinenin en \u00e7ok beklenen an\u0131 geldi\u011finde sahnede&nbsp;<strong>Y\u0131ld\u0131z Tilbe yani Tarsus\u2019un Tilbesi vard\u0131.<\/strong><\/p>\n\n\n\n<p>Erdal Ay\u00e7e, sahnede&nbsp;<strong>teatral playback performans\u0131yla kad\u0131nlar\u0131n kalbine dokundu.<\/strong> Bu bir sahne \u015fovu de\u011fil, neredeyse&nbsp;<strong>tiyatro performans\u0131yd\u0131.<\/strong>&nbsp;Kad\u0131nlar, o anlarda&nbsp;<strong>sahnenin bir par\u00e7as\u0131 oldu.<\/strong><br>Erdal Ay\u00e7e art\u0131k sahnenin sadece ismi de\u011fil,&nbsp;<strong>imzas\u0131.<\/strong><br>O sahneyi kuruyor, duyguyu y\u00f6netiyor,&nbsp;<strong>kad\u0131nlar\u0131n kalbine dokunuyor.<\/strong><br>Onun matineleri&nbsp;<strong>rutini k\u0131r\u0131yor, kad\u0131nlara kendi alanlar\u0131n\u0131, ne\u015felerini ve sahneye aitliklerini geri veriyor.<\/strong><\/p>\n\n\n\n<p>O y\u00fczden emin olun;<br>Tarsus\u2019ta&nbsp;<strong>\u201cmatine\u201d denince, Erdal Ay\u00e7e\u2019siz c\u00fcmle kurulmaz.<\/strong><\/p>\n\n\n\n<p>\u0130nstagram story\u2019leri doldu, telefonlar \u015farj t\u00fcketti, kalpler \u015fenlendi.<br>Ve mek\u00e2ndan \u00e7\u0131kan herkesin dilinde ayn\u0131 c\u00fcmle vard\u0131;<br><strong>\u201cBir dahaki Erdal Ay\u00e7e matinesi ne zaman?\u201d<\/strong><\/p>\n\n\n\n<p><strong>M\u00fczeyyen Beyza MERCAN<\/strong><\/p>\n","protected":false},"excerpt":{"rendered":"<p>Tarsus Salon Ayana\u2019da kad\u0131nlar\u0131n bulu\u015ftu\u011fu sahne, \u201cErdal Ay\u00e7e ile Ajda Pekkan \u015eark\u0131lar\u0131\u201d matinesiyle adeta yeniden yaz\u0131ld\u0131.&nbsp;Burada \u015fark\u0131 s\u00f6ylemek yetmez,&nbsp;bu sahne bir deneyim, bir duru\u015f, bir imza ta\u015f\u0131yor.&nbsp;Konsept yine yeniden \u00e7ok \u00f6zeldi. Kad\u0131nlar matinesi, ba\u015ftan sona&nbsp;\u00f6zenle tasarlanm\u0131\u015ft\u0131.&nbsp;\u015eark\u0131lar, \u0131\u015f\u0131klar, atmosfer tek tek d\u00fc\u015f\u00fcn\u00fclm\u00fc\u015ft\u00fc. Salonun atmosferi,&nbsp;m\u00fczikal mini festival havas\u0131ndayd\u0131. Ve tabii ki\u2026Matinenin en \u00e7ok beklenen an\u0131 geldi\u011finde sahnede&nbsp;Y\u0131ld\u0131z [&hellip;]<\/p>\n","protected":false},"author":1,"featured_media":4652,"comment_status":"open","ping_status":"open","sticky":false,"template":"","format":"standard","meta":{"footnotes":""},"categories":[2,1,9],"tags":[],"ppma_author":[14],"class_list":["post-4704","post","type-post","status-publish","format-standard","has-post-thumbnail","hentry","category-guncel","category-kategorisiz","category-magazin"],"authors":[{"term_id":14,"user_id":1,"is_guest":0,"slug":"admin","display_name":"admin","avatar_url":{"url":"https:\/\/tarsusyenihaber.com\/wp-content\/uploads\/2024\/09\/2024tynhaber1-1.jpg","url2x":"https:\/\/tarsusyenihaber.com\/wp-content\/uploads\/2024\/09\/2024tynhaber1-1.jpg"},"1":"","2":"","3":"","4":"","5":"","6":"","7":"","8":""}],"_links":{"self":[{"href":"https:\/\/tarsusyenihaber.com\/index.php\/wp-json\/wp\/v2\/posts\/4704"}],"collection":[{"href":"https:\/\/tarsusyenihaber.com\/index.php\/wp-json\/wp\/v2\/posts"}],"about":[{"href":"https:\/\/tarsusyenihaber.com\/index.php\/wp-json\/wp\/v2\/types\/post"}],"author":[{"embeddable":true,"href":"https:\/\/tarsusyenihaber.com\/index.php\/wp-json\/wp\/v2\/users\/1"}],"replies":[{"embeddable":true,"href":"https:\/\/tarsusyenihaber.com\/index.php\/wp-json\/wp\/v2\/comments?post=4704"}],"version-history":[{"count":1,"href":"https:\/\/tarsusyenihaber.com\/index.php\/wp-json\/wp\/v2\/posts\/4704\/revisions"}],"predecessor-version":[{"id":4705,"href":"https:\/\/tarsusyenihaber.com\/index.php\/wp-json\/wp\/v2\/posts\/4704\/revisions\/4705"}],"wp:featuredmedia":[{"embeddable":true,"href":"https:\/\/tarsusyenihaber.com\/index.php\/wp-json\/wp\/v2\/media\/4652"}],"wp:attachment":[{"href":"https:\/\/tarsusyenihaber.com\/index.php\/wp-json\/wp\/v2\/media?parent=4704"}],"wp:term":[{"taxonomy":"category","embeddable":true,"href":"https:\/\/tarsusyenihaber.com\/index.php\/wp-json\/wp\/v2\/categories?post=4704"},{"taxonomy":"post_tag","embeddable":true,"href":"https:\/\/tarsusyenihaber.com\/index.php\/wp-json\/wp\/v2\/tags?post=4704"},{"taxonomy":"author","embeddable":true,"href":"https:\/\/tarsusyenihaber.com\/index.php\/wp-json\/wp\/v2\/ppma_author?post=4704"}],"curies":[{"name":"wp","href":"https:\/\/api.w.org\/{rel}","templated":true}]}}