{"id":4691,"date":"2025-05-21T07:52:32","date_gmt":"2025-05-21T04:52:32","guid":{"rendered":"https:\/\/tarsusyenihaber.com\/?p=4691"},"modified":"2025-05-21T07:52:32","modified_gmt":"2025-05-21T04:52:32","slug":"tarsusta-kurban-hizmetleri-komisyonu-toplantisi-yapildi","status":"publish","type":"post","link":"https:\/\/tarsusyenihaber.com\/index.php\/2025\/05\/21\/tarsusta-kurban-hizmetleri-komisyonu-toplantisi-yapildi\/","title":{"rendered":"TARSUS\u2019TA, KURBAN H\u0130ZMETLER\u0130 KOM\u0130SYONU TOPLANTISI YAPILDI"},"content":{"rendered":"\n<p>TARSUS\u2019TA, KURBAN H\u0130ZMETLER\u0130 KOM\u0130SYONU TOPLANTISI YAPILDI<\/p>\n\n\n\n<p>Tarsus\u2019ta, yakla\u015fan Kurban Bayram\u0131 \u00f6ncesinde Kurban Hizmetleri Komisyonu toplant\u0131s\u0131 Kaymakam Mehmet Ali Aky\u00fcz ba\u015fkanl\u0131\u011f\u0131nda yap\u0131ld\u0131.<\/p>\n\n\n\n<p>Kaymakaml\u0131k Toplant\u0131 Salonu\u2019nda yap\u0131lan ve Tarsus Kasaplar Esnaf Odas\u0131 Ba\u015fkan\u0131 Nail U\u00e7ak\u2019\u0131n da kat\u0131ld\u0131\u011f\u0131 toplant\u0131da, 2025 Y\u0131l\u0131 Kurban Bayram\u0131&#8217;nda ibadet maksad\u0131yla kurban kesmek isteyen vatanda\u015flar\u0131m\u0131z\u0131n dini h\u00fck\u00fcmlere, sa\u011fl\u0131k \u015fartlar\u0131na ve \u00e7evre temizli\u011fine uygun bir \u015fekilde kurban ibadetlerini yerine getirmelerine yard\u0131mc\u0131 olmak, kurban sat\u0131\u015f\u0131 ve kurban kesilecek yerlerin belirlenmesi, kesim yapacak ki\u015filerin e\u011fitilmesi ve di\u011fer hususlarda ilgili tedbirler al\u0131nmas\u0131 konusunda kararlar al\u0131nd\u0131.<\/p>\n\n\n\n<p>Tarsus Kasaplar Esnaf Odas\u0131 Ba\u015fkan\u0131 Nail U\u00e7ak, toplant\u0131 sonras\u0131 Yeni Haber portal\u0131na yapt\u0131\u011f\u0131 a\u00e7\u0131klamas\u0131nda, vatanda\u015flar\u0131n temizli\u011fi emreden \u0130slam dinine ve komisyonun ald\u0131\u011f\u0131 kararlara uygun hareket etmelerini, \u00e7evre kirli\u011fi ve insan sa\u011fl\u0131\u011f\u0131n\u0131 tehdit edecek b\u00fct\u00fcn davran\u0131\u015flardan kesinlikle ka\u00e7\u0131narak belirtilen kurallara g\u00f6re kurbanl\u0131klar\u0131n\u0131 almalar\u0131 ve kesim i\u015flemini ger\u00e7ekle\u015ftirmeleri gerekti\u011fini ifade etti.<\/p>\n","protected":false},"excerpt":{"rendered":"<p>TARSUS\u2019TA, KURBAN H\u0130ZMETLER\u0130 KOM\u0130SYONU TOPLANTISI YAPILDI Tarsus\u2019ta, yakla\u015fan Kurban Bayram\u0131 \u00f6ncesinde Kurban Hizmetleri Komisyonu toplant\u0131s\u0131 Kaymakam Mehmet Ali Aky\u00fcz ba\u015fkanl\u0131\u011f\u0131nda yap\u0131ld\u0131. Kaymakaml\u0131k Toplant\u0131 Salonu\u2019nda yap\u0131lan ve Tarsus Kasaplar Esnaf Odas\u0131 Ba\u015fkan\u0131 Nail U\u00e7ak\u2019\u0131n da kat\u0131ld\u0131\u011f\u0131 toplant\u0131da, 2025 Y\u0131l\u0131 Kurban Bayram\u0131&#8217;nda ibadet maksad\u0131yla kurban kesmek isteyen vatanda\u015flar\u0131m\u0131z\u0131n dini h\u00fck\u00fcmlere, sa\u011fl\u0131k \u015fartlar\u0131na ve \u00e7evre temizli\u011fine uygun bir [&hellip;]<\/p>\n","protected":false},"author":1,"featured_media":4689,"comment_status":"open","ping_status":"open","sticky":false,"template":"","format":"standard","meta":{"footnotes":""},"categories":[2],"tags":[],"ppma_author":[14],"class_list":["post-4691","post","type-post","status-publish","format-standard","has-post-thumbnail","hentry","category-guncel"],"authors":[{"term_id":14,"user_id":1,"is_guest":0,"slug":"admin","display_name":"admin","avatar_url":{"url":"https:\/\/tarsusyenihaber.com\/wp-content\/uploads\/2024\/09\/2024tynhaber1-1.jpg","url2x":"https:\/\/tarsusyenihaber.com\/wp-content\/uploads\/2024\/09\/2024tynhaber1-1.jpg"},"1":"","2":"","3":"","4":"","5":"","6":"","7":"","8":""}],"_links":{"self":[{"href":"https:\/\/tarsusyenihaber.com\/index.php\/wp-json\/wp\/v2\/posts\/4691"}],"collection":[{"href":"https:\/\/tarsusyenihaber.com\/index.php\/wp-json\/wp\/v2\/posts"}],"about":[{"href":"https:\/\/tarsusyenihaber.com\/index.php\/wp-json\/wp\/v2\/types\/post"}],"author":[{"embeddable":true,"href":"https:\/\/tarsusyenihaber.com\/index.php\/wp-json\/wp\/v2\/users\/1"}],"replies":[{"embeddable":true,"href":"https:\/\/tarsusyenihaber.com\/index.php\/wp-json\/wp\/v2\/comments?post=4691"}],"version-history":[{"count":1,"href":"https:\/\/tarsusyenihaber.com\/index.php\/wp-json\/wp\/v2\/posts\/4691\/revisions"}],"predecessor-version":[{"id":4692,"href":"https:\/\/tarsusyenihaber.com\/index.php\/wp-json\/wp\/v2\/posts\/4691\/revisions\/4692"}],"wp:featuredmedia":[{"embeddable":true,"href":"https:\/\/tarsusyenihaber.com\/index.php\/wp-json\/wp\/v2\/media\/4689"}],"wp:attachment":[{"href":"https:\/\/tarsusyenihaber.com\/index.php\/wp-json\/wp\/v2\/media?parent=4691"}],"wp:term":[{"taxonomy":"category","embeddable":true,"href":"https:\/\/tarsusyenihaber.com\/index.php\/wp-json\/wp\/v2\/categories?post=4691"},{"taxonomy":"post_tag","embeddable":true,"href":"https:\/\/tarsusyenihaber.com\/index.php\/wp-json\/wp\/v2\/tags?post=4691"},{"taxonomy":"author","embeddable":true,"href":"https:\/\/tarsusyenihaber.com\/index.php\/wp-json\/wp\/v2\/ppma_author?post=4691"}],"curies":[{"name":"wp","href":"https:\/\/api.w.org\/{rel}","templated":true}]}}