{"id":4686,"date":"2025-05-21T07:52:01","date_gmt":"2025-05-21T04:52:01","guid":{"rendered":"https:\/\/tarsusyenihaber.com\/?p=4686"},"modified":"2025-05-21T07:52:02","modified_gmt":"2025-05-21T04:52:02","slug":"kazandigi-kupayi-belediye-baskani-sofuya-hediye-etti","status":"publish","type":"post","link":"https:\/\/tarsusyenihaber.com\/index.php\/2025\/05\/21\/kazandigi-kupayi-belediye-baskani-sofuya-hediye-etti\/","title":{"rendered":"KAZANDI\u011eI KUPAYI, BELED\u0130YE BA\u015eKANI SOFU\u2019YA HED\u0130YE ETT\u0130"},"content":{"rendered":"\n<p>KAZANDI\u011eI KUPAYI, BELED\u0130YE BA\u015eKANI SOFU\u2019YA HED\u0130YE ETT\u0130<\/p>\n\n\n\n<p>Konya B\u00fcy\u00fck\u015fehir Belediyesi taraf\u0131ndan bu y\u0131l 4\u2019\u00fcnc\u00fcs\u00fc d\u00fczenlenen ve b\u00fcy\u00fck bir heyecana sahne olan Uluslararas\u0131 Konya Yar\u0131 Maratonu\u2019nda, \u00c7aml\u0131yayla il\u00e7esini temsil eden&nbsp; ve b\u00fcy\u00fck bir ba\u015far\u0131ya imza atarak ikinci olan Abdulkadir Kortu, \u00c7aml\u0131yayla Belediye Ba\u015fkan\u0131 Mehmet Fatih Sofu\u2019yu ziyaret etti.<\/p>\n\n\n\n<p>Ba\u015fkan Sofu ile maraton ile ilgili bir s\u00fcre sohbet eden Abdulkadir Kortu, kazand\u0131\u011f\u0131 kupay\u0131 da kendisine hediye etti.<\/p>\n\n\n\n<p>Nazik ziyaretleri ve anlaml\u0131 hediyeleri i\u00e7in Abdulkadir Kortu\u2019ya te\u015fekk\u00fcr eden \u00c7aml\u0131yayla Belediye Ba\u015fkan\u0131 Mehmet Fatih Sofu, \u201cKonya B\u00fcy\u00fck\u015fehir Belediyesi taraf\u0131ndan bu y\u0131l 4.s\u00fc d\u00fczenlenen Uluslararas\u0131 Konya Yar\u0131 Maratonu\u2019nda il\u00e7emizi temsil eden Abdulkadir Kortu b\u00fcy\u00fck bir ba\u015far\u0131ya imza atarak ikinci olmu\u015ftur. Yurti\u00e7i ve yurtd\u0131\u015f\u0131ndan y\u00fczlerce sporcunun kat\u0131ld\u0131\u011f\u0131 bu maratonda kendisine verilen ikincilik kupas\u0131n\u0131 bizlere hediye etmesi ger\u00e7ekten b\u00fcy\u00fck inceliktir. Ben bundan sonraki yar\u0131\u015fmalarda da kendisine ba\u015far\u0131lar diliyorum\u201d dedi.<\/p>\n","protected":false},"excerpt":{"rendered":"<p>KAZANDI\u011eI KUPAYI, BELED\u0130YE BA\u015eKANI SOFU\u2019YA HED\u0130YE ETT\u0130 Konya B\u00fcy\u00fck\u015fehir Belediyesi taraf\u0131ndan bu y\u0131l 4\u2019\u00fcnc\u00fcs\u00fc d\u00fczenlenen ve b\u00fcy\u00fck bir heyecana sahne olan Uluslararas\u0131 Konya Yar\u0131 Maratonu\u2019nda, \u00c7aml\u0131yayla il\u00e7esini temsil eden&nbsp; ve b\u00fcy\u00fck bir ba\u015far\u0131ya imza atarak ikinci olan Abdulkadir Kortu, \u00c7aml\u0131yayla Belediye Ba\u015fkan\u0131 Mehmet Fatih Sofu\u2019yu ziyaret etti. Ba\u015fkan Sofu ile maraton ile ilgili bir s\u00fcre [&hellip;]<\/p>\n","protected":false},"author":1,"featured_media":4688,"comment_status":"open","ping_status":"open","sticky":false,"template":"","format":"standard","meta":{"footnotes":""},"categories":[2],"tags":[],"ppma_author":[14],"class_list":["post-4686","post","type-post","status-publish","format-standard","has-post-thumbnail","hentry","category-guncel"],"authors":[{"term_id":14,"user_id":1,"is_guest":0,"slug":"admin","display_name":"admin","avatar_url":{"url":"https:\/\/tarsusyenihaber.com\/wp-content\/uploads\/2024\/09\/2024tynhaber1-1.jpg","url2x":"https:\/\/tarsusyenihaber.com\/wp-content\/uploads\/2024\/09\/2024tynhaber1-1.jpg"},"1":"","2":"","3":"","4":"","5":"","6":"","7":"","8":""}],"_links":{"self":[{"href":"https:\/\/tarsusyenihaber.com\/index.php\/wp-json\/wp\/v2\/posts\/4686"}],"collection":[{"href":"https:\/\/tarsusyenihaber.com\/index.php\/wp-json\/wp\/v2\/posts"}],"about":[{"href":"https:\/\/tarsusyenihaber.com\/index.php\/wp-json\/wp\/v2\/types\/post"}],"author":[{"embeddable":true,"href":"https:\/\/tarsusyenihaber.com\/index.php\/wp-json\/wp\/v2\/users\/1"}],"replies":[{"embeddable":true,"href":"https:\/\/tarsusyenihaber.com\/index.php\/wp-json\/wp\/v2\/comments?post=4686"}],"version-history":[{"count":1,"href":"https:\/\/tarsusyenihaber.com\/index.php\/wp-json\/wp\/v2\/posts\/4686\/revisions"}],"predecessor-version":[{"id":4690,"href":"https:\/\/tarsusyenihaber.com\/index.php\/wp-json\/wp\/v2\/posts\/4686\/revisions\/4690"}],"wp:featuredmedia":[{"embeddable":true,"href":"https:\/\/tarsusyenihaber.com\/index.php\/wp-json\/wp\/v2\/media\/4688"}],"wp:attachment":[{"href":"https:\/\/tarsusyenihaber.com\/index.php\/wp-json\/wp\/v2\/media?parent=4686"}],"wp:term":[{"taxonomy":"category","embeddable":true,"href":"https:\/\/tarsusyenihaber.com\/index.php\/wp-json\/wp\/v2\/categories?post=4686"},{"taxonomy":"post_tag","embeddable":true,"href":"https:\/\/tarsusyenihaber.com\/index.php\/wp-json\/wp\/v2\/tags?post=4686"},{"taxonomy":"author","embeddable":true,"href":"https:\/\/tarsusyenihaber.com\/index.php\/wp-json\/wp\/v2\/ppma_author?post=4686"}],"curies":[{"name":"wp","href":"https:\/\/api.w.org\/{rel}","templated":true}]}}