{"id":4683,"date":"2025-05-20T08:33:49","date_gmt":"2025-05-20T05:33:49","guid":{"rendered":"https:\/\/tarsusyenihaber.com\/?p=4683"},"modified":"2025-05-20T08:33:50","modified_gmt":"2025-05-20T05:33:50","slug":"baskan-boltac-hirvatistan-ve-karadag-heyetini-misafir-etti","status":"publish","type":"post","link":"https:\/\/tarsusyenihaber.com\/index.php\/2025\/05\/20\/baskan-boltac-hirvatistan-ve-karadag-heyetini-misafir-etti\/","title":{"rendered":"BA\u015eKAN BOLTA\u00c7, HIRVAT\u0130STAN VE KARADA\u011e HEYET\u0130N\u0130 M\u0130SAF\u0130R ETT\u0130\u2026"},"content":{"rendered":"\n<p>BA\u015eKAN BOLTA\u00c7, HIRVAT\u0130STAN VE KARADA\u011e HEYET\u0130N\u0130 M\u0130SAF\u0130R ETT\u0130\u2026<\/p>\n\n\n\n<p>Tarsus Belediye Ba\u015fkan\u0131 Ali Bolta\u00e7, bir dizi ziyaretlerde bulunmak \u00fczere b\u00f6lgemize gelen<\/p>\n\n\n\n<p>H\u0131rvatistan Ba\u015fkonsolosu Dr. Ivana Zerec, Karada\u011f Ba\u015fkonsolosu Branislav Karadzic, Karada\u011f Konsolosu Dusanka Jeknic ile Ivana Karadzic ve Jakov Karadzic\u2019i misafir etti.<\/p>\n\n\n\n<p>Tarsus Gastronomi Merkezi\u2019nde kente \u00f6zg\u00fc lezzetleri tatma ve Tarsus Mutfa\u011f\u0131\u2019n\u0131 yak\u0131ndan tan\u0131ma f\u0131rsat\u0131 bulan heyet, daha sonra ise tarihi ve k\u00fclt\u00fcrel zenginliklerimizi yerinde g\u00f6rme imk\u00e2n\u0131 buldular.<\/p>\n\n\n\n<figure class=\"wp-block-image size-large\"><img loading=\"lazy\" decoding=\"async\" width=\"1024\" height=\"576\" src=\"http:\/\/tarsusyenihaber.com\/wp-content\/uploads\/2025\/05\/BASKAN-BOLTAC-HIRVATISTAN-2-1024x576.jpg\" alt=\"\" class=\"wp-image-4672\" srcset=\"https:\/\/tarsusyenihaber.com\/wp-content\/uploads\/2025\/05\/BASKAN-BOLTAC-HIRVATISTAN-2-1024x576.jpg 1024w, https:\/\/tarsusyenihaber.com\/wp-content\/uploads\/2025\/05\/BASKAN-BOLTAC-HIRVATISTAN-2-300x169.jpg 300w, https:\/\/tarsusyenihaber.com\/wp-content\/uploads\/2025\/05\/BASKAN-BOLTAC-HIRVATISTAN-2-768x432.jpg 768w, https:\/\/tarsusyenihaber.com\/wp-content\/uploads\/2025\/05\/BASKAN-BOLTAC-HIRVATISTAN-2-1536x864.jpg 1536w, https:\/\/tarsusyenihaber.com\/wp-content\/uploads\/2025\/05\/BASKAN-BOLTAC-HIRVATISTAN-2.jpg 2048w\" sizes=\"(max-width: 1024px) 100vw, 1024px\" \/><\/figure>\n\n\n\n<p>Tarsus\u2019un birbirinden zengin ve binlerce y\u0131ll\u0131k k\u00fclt\u00fcrel varl\u0131\u011f\u0131 hem turizme kazand\u0131rmak hem de gelecek nesillere ta\u015f\u0131mak amac\u0131yla bir\u00e7ok projeye imza atan Belediye Ba\u015fkan\u0131 Ali Bolta\u00e7,&nbsp; Tarsus Yeni Haber portal\u0131na yapt\u0131\u011f\u0131 a\u00e7\u0131klamas\u0131nda, H\u0131rvatistan ve Karada\u011f heyetine nazik ziyaretleri i\u00e7in te\u015fekk\u00fcr ederek \u201cBuraya gelen t\u00fcm misafirler ba\u015f\u0131m\u0131z\u0131n tac\u0131d\u0131r. Onlar\u0131 burada g\u00fczel \u015fekilde a\u011f\u0131rlamak ve beraberinde en g\u00fczel \u015fekilde \u00fclkelerine geri d\u00f6nmelerini sa\u011flamak en b\u00fcy\u00fck arzumuzdur. Kendi \u00fclkelerine d\u00f6nd\u00fcklerinde \u015fehrimiz ve \u00fclkemizle alakal\u0131 g\u00fczel ve do\u011fru intibalarla buradan ayr\u0131lmalar\u0131n\u0131 arzu ediyoruz\u201d ifadesini kulland\u0131.<\/p>\n","protected":false},"excerpt":{"rendered":"<p>BA\u015eKAN BOLTA\u00c7, HIRVAT\u0130STAN VE KARADA\u011e HEYET\u0130N\u0130 M\u0130SAF\u0130R ETT\u0130\u2026 Tarsus Belediye Ba\u015fkan\u0131 Ali Bolta\u00e7, bir dizi ziyaretlerde bulunmak \u00fczere b\u00f6lgemize gelen H\u0131rvatistan Ba\u015fkonsolosu Dr. Ivana Zerec, Karada\u011f Ba\u015fkonsolosu Branislav Karadzic, Karada\u011f Konsolosu Dusanka Jeknic ile Ivana Karadzic ve Jakov Karadzic\u2019i misafir etti. Tarsus Gastronomi Merkezi\u2019nde kente \u00f6zg\u00fc lezzetleri tatma ve Tarsus Mutfa\u011f\u0131\u2019n\u0131 yak\u0131ndan tan\u0131ma f\u0131rsat\u0131 bulan [&hellip;]<\/p>\n","protected":false},"author":1,"featured_media":4673,"comment_status":"open","ping_status":"open","sticky":false,"template":"","format":"standard","meta":{"footnotes":""},"categories":[2],"tags":[],"ppma_author":[14],"class_list":["post-4683","post","type-post","status-publish","format-standard","has-post-thumbnail","hentry","category-guncel"],"authors":[{"term_id":14,"user_id":1,"is_guest":0,"slug":"admin","display_name":"admin","avatar_url":{"url":"https:\/\/tarsusyenihaber.com\/wp-content\/uploads\/2024\/09\/2024tynhaber1-1.jpg","url2x":"https:\/\/tarsusyenihaber.com\/wp-content\/uploads\/2024\/09\/2024tynhaber1-1.jpg"},"1":"","2":"","3":"","4":"","5":"","6":"","7":"","8":""}],"_links":{"self":[{"href":"https:\/\/tarsusyenihaber.com\/index.php\/wp-json\/wp\/v2\/posts\/4683"}],"collection":[{"href":"https:\/\/tarsusyenihaber.com\/index.php\/wp-json\/wp\/v2\/posts"}],"about":[{"href":"https:\/\/tarsusyenihaber.com\/index.php\/wp-json\/wp\/v2\/types\/post"}],"author":[{"embeddable":true,"href":"https:\/\/tarsusyenihaber.com\/index.php\/wp-json\/wp\/v2\/users\/1"}],"replies":[{"embeddable":true,"href":"https:\/\/tarsusyenihaber.com\/index.php\/wp-json\/wp\/v2\/comments?post=4683"}],"version-history":[{"count":1,"href":"https:\/\/tarsusyenihaber.com\/index.php\/wp-json\/wp\/v2\/posts\/4683\/revisions"}],"predecessor-version":[{"id":4684,"href":"https:\/\/tarsusyenihaber.com\/index.php\/wp-json\/wp\/v2\/posts\/4683\/revisions\/4684"}],"wp:featuredmedia":[{"embeddable":true,"href":"https:\/\/tarsusyenihaber.com\/index.php\/wp-json\/wp\/v2\/media\/4673"}],"wp:attachment":[{"href":"https:\/\/tarsusyenihaber.com\/index.php\/wp-json\/wp\/v2\/media?parent=4683"}],"wp:term":[{"taxonomy":"category","embeddable":true,"href":"https:\/\/tarsusyenihaber.com\/index.php\/wp-json\/wp\/v2\/categories?post=4683"},{"taxonomy":"post_tag","embeddable":true,"href":"https:\/\/tarsusyenihaber.com\/index.php\/wp-json\/wp\/v2\/tags?post=4683"},{"taxonomy":"author","embeddable":true,"href":"https:\/\/tarsusyenihaber.com\/index.php\/wp-json\/wp\/v2\/ppma_author?post=4683"}],"curies":[{"name":"wp","href":"https:\/\/api.w.org\/{rel}","templated":true}]}}