{"id":4681,"date":"2025-05-20T08:33:00","date_gmt":"2025-05-20T05:33:00","guid":{"rendered":"https:\/\/tarsusyenihaber.com\/?p=4681"},"modified":"2025-05-20T08:33:01","modified_gmt":"2025-05-20T05:33:01","slug":"koc-insaat-ceosu-senem-koc-ile-sektorun-sorunlarini-gorustuk","status":"publish","type":"post","link":"https:\/\/tarsusyenihaber.com\/index.php\/2025\/05\/20\/koc-insaat-ceosu-senem-koc-ile-sektorun-sorunlarini-gorustuk\/","title":{"rendered":"KO\u00c7 \u0130N\u015eAAT CEOSU SENEM KO\u00c7 \u0130LE SEKT\u00d6R\u00dcN SORUNLARINI G\u00d6R\u00dc\u015eT\u00dcK"},"content":{"rendered":"\n<p>KO\u00c7 \u0130N\u015eAAT CEOSU SENEM KO\u00c7 \u0130LE SEKT\u00d6R\u00dcN SORUNLARINI G\u00d6R\u00dc\u015eT\u00dcK<\/p>\n\n\n\n<p>KO\u00c7 \u0130n\u015faat Ceosu Senem Ko\u00e7, in\u015faat sekt\u00f6r\u00fcn\u00fcn \u00f6nemli sorunlar\u0131n\u0131n bulundu\u011funu, bu sorunlar\u0131n ba\u015f\u0131nda da artan in\u015faat malzemelerinin geldi\u011fini s\u00f6yledi.<\/p>\n\n\n\n<p>Tarsus Yeni Haber portal\u0131ndan \u015eahin Turgut ile g\u00f6r\u00fc\u015fen Senem Ko\u00e7, sekt\u00f6r\u00fcn sorunlar\u0131 ile ilgili a\u00e7\u0131klamalarda bulundu.<\/p>\n\n\n\n<figure class=\"wp-block-image size-large\"><img loading=\"lazy\" decoding=\"async\" width=\"909\" height=\"1024\" src=\"http:\/\/tarsusyenihaber.com\/wp-content\/uploads\/2025\/05\/KOC-INSAAT-CEOSU-SENEM-1-909x1024.jpg\" alt=\"\" class=\"wp-image-4667\" srcset=\"https:\/\/tarsusyenihaber.com\/wp-content\/uploads\/2025\/05\/KOC-INSAAT-CEOSU-SENEM-1-909x1024.jpg 909w, https:\/\/tarsusyenihaber.com\/wp-content\/uploads\/2025\/05\/KOC-INSAAT-CEOSU-SENEM-1-266x300.jpg 266w, https:\/\/tarsusyenihaber.com\/wp-content\/uploads\/2025\/05\/KOC-INSAAT-CEOSU-SENEM-1-768x865.jpg 768w, https:\/\/tarsusyenihaber.com\/wp-content\/uploads\/2025\/05\/KOC-INSAAT-CEOSU-SENEM-1.jpg 1088w\" sizes=\"(max-width: 909px) 100vw, 909px\" \/><\/figure>\n\n\n\n<p>Tarsus\u2019un yak\u0131ndan tan\u0131d\u0131\u011f\u0131 M\u00fcteahhitlerden gen\u00e7 i\u015f insan\u0131 Ayd\u0131n Ko\u00e7\u2019un da bulundu\u011fu g\u00f6r\u00fc\u015fmede s\u0131ras\u0131nda konut sat\u0131\u015flar\u0131n\u0131n son d\u00f6nemlerde d\u00fc\u015ft\u00fc\u011f\u00fcn\u00fc belirten KO\u00c7 \u0130n\u015faat Ceosu Senem Ko\u00e7, \u201cSat\u0131\u015flar\u0131n d\u00fc\u015fmesinden en b\u00fcy\u00fck nedenlerin ba\u015f\u0131nda konut kredilerinde ya\u015fanan duraksama ve kredi faiz oranlar\u0131n\u0131n y\u00fcksekli\u011fi. \u015eayet \u00f6n\u00fcm\u00fczdeki s\u00fcre\u00e7te vatanda\u015flar\u0131m\u0131z\u0131n kredilere eri\u015fimleri d\u00fczenlenir ise sat\u0131\u015flarda art\u0131\u015f sa\u011flayaca\u011f\u0131n\u0131 d\u00fc\u015f\u00fcn\u00fcyorum. Sekt\u00f6r\u00fcn di\u011fer \u00f6nemli bir sorunu ise, arsa. Sekt\u00f6r, \u00fczerine in\u015faat yapacak arsa bulam\u0131yor, bulsa da olduk\u00e7a pahal\u0131. Di\u011fer bir sorunu ise, artan in\u015faat maliyetleri. <\/p>\n\n\n\n<figure class=\"wp-block-image size-large\"><img loading=\"lazy\" decoding=\"async\" width=\"1024\" height=\"691\" src=\"http:\/\/tarsusyenihaber.com\/wp-content\/uploads\/2025\/05\/KOC-INSAAT-CEOSU-SENEM-2-1024x691.jpg\" alt=\"\" class=\"wp-image-4665\" srcset=\"https:\/\/tarsusyenihaber.com\/wp-content\/uploads\/2025\/05\/KOC-INSAAT-CEOSU-SENEM-2-1024x691.jpg 1024w, https:\/\/tarsusyenihaber.com\/wp-content\/uploads\/2025\/05\/KOC-INSAAT-CEOSU-SENEM-2-300x202.jpg 300w, https:\/\/tarsusyenihaber.com\/wp-content\/uploads\/2025\/05\/KOC-INSAAT-CEOSU-SENEM-2-768x518.jpg 768w, https:\/\/tarsusyenihaber.com\/wp-content\/uploads\/2025\/05\/KOC-INSAAT-CEOSU-SENEM-2-1536x1037.jpg 1536w, https:\/\/tarsusyenihaber.com\/wp-content\/uploads\/2025\/05\/KOC-INSAAT-CEOSU-SENEM-2-2048x1382.jpg 2048w, https:\/\/tarsusyenihaber.com\/wp-content\/uploads\/2025\/05\/KOC-INSAAT-CEOSU-SENEM-2-207x140.jpg 207w\" sizes=\"(max-width: 1024px) 100vw, 1024px\" \/><\/figure>\n\n\n\n<p>Ancak, k\u0131sa s\u00fcre i\u00e7erisinde buna \u00e7\u00f6z\u00fcm bulunmas\u0131 da zor g\u00f6r\u00fcn\u00fcyor. Bu durumda, gayrimenkul sekt\u00f6r\u00fcn\u00fcn \u00e7\u00f6z\u00fcm\u00fc olduk\u00e7a zor ancak bu sorunlardan birine temas ederek bir nebze de olsa maliyetlerin d\u00fc\u015fmesi sa\u011flanabilir\u201d ifadesini kulland\u0131.<\/p>\n","protected":false},"excerpt":{"rendered":"<p>KO\u00c7 \u0130N\u015eAAT CEOSU SENEM KO\u00c7 \u0130LE SEKT\u00d6R\u00dcN SORUNLARINI G\u00d6R\u00dc\u015eT\u00dcK KO\u00c7 \u0130n\u015faat Ceosu Senem Ko\u00e7, in\u015faat sekt\u00f6r\u00fcn\u00fcn \u00f6nemli sorunlar\u0131n\u0131n bulundu\u011funu, bu sorunlar\u0131n ba\u015f\u0131nda da artan in\u015faat malzemelerinin geldi\u011fini s\u00f6yledi. Tarsus Yeni Haber portal\u0131ndan \u015eahin Turgut ile g\u00f6r\u00fc\u015fen Senem Ko\u00e7, sekt\u00f6r\u00fcn sorunlar\u0131 ile ilgili a\u00e7\u0131klamalarda bulundu. Tarsus\u2019un yak\u0131ndan tan\u0131d\u0131\u011f\u0131 M\u00fcteahhitlerden gen\u00e7 i\u015f insan\u0131 Ayd\u0131n Ko\u00e7\u2019un da bulundu\u011fu [&hellip;]<\/p>\n","protected":false},"author":1,"featured_media":4665,"comment_status":"open","ping_status":"open","sticky":false,"template":"","format":"standard","meta":{"footnotes":""},"categories":[2],"tags":[],"ppma_author":[14],"class_list":["post-4681","post","type-post","status-publish","format-standard","has-post-thumbnail","hentry","category-guncel"],"authors":[{"term_id":14,"user_id":1,"is_guest":0,"slug":"admin","display_name":"admin","avatar_url":{"url":"https:\/\/tarsusyenihaber.com\/wp-content\/uploads\/2024\/09\/2024tynhaber1-1.jpg","url2x":"https:\/\/tarsusyenihaber.com\/wp-content\/uploads\/2024\/09\/2024tynhaber1-1.jpg"},"1":"","2":"","3":"","4":"","5":"","6":"","7":"","8":""}],"_links":{"self":[{"href":"https:\/\/tarsusyenihaber.com\/index.php\/wp-json\/wp\/v2\/posts\/4681"}],"collection":[{"href":"https:\/\/tarsusyenihaber.com\/index.php\/wp-json\/wp\/v2\/posts"}],"about":[{"href":"https:\/\/tarsusyenihaber.com\/index.php\/wp-json\/wp\/v2\/types\/post"}],"author":[{"embeddable":true,"href":"https:\/\/tarsusyenihaber.com\/index.php\/wp-json\/wp\/v2\/users\/1"}],"replies":[{"embeddable":true,"href":"https:\/\/tarsusyenihaber.com\/index.php\/wp-json\/wp\/v2\/comments?post=4681"}],"version-history":[{"count":1,"href":"https:\/\/tarsusyenihaber.com\/index.php\/wp-json\/wp\/v2\/posts\/4681\/revisions"}],"predecessor-version":[{"id":4682,"href":"https:\/\/tarsusyenihaber.com\/index.php\/wp-json\/wp\/v2\/posts\/4681\/revisions\/4682"}],"wp:featuredmedia":[{"embeddable":true,"href":"https:\/\/tarsusyenihaber.com\/index.php\/wp-json\/wp\/v2\/media\/4665"}],"wp:attachment":[{"href":"https:\/\/tarsusyenihaber.com\/index.php\/wp-json\/wp\/v2\/media?parent=4681"}],"wp:term":[{"taxonomy":"category","embeddable":true,"href":"https:\/\/tarsusyenihaber.com\/index.php\/wp-json\/wp\/v2\/categories?post=4681"},{"taxonomy":"post_tag","embeddable":true,"href":"https:\/\/tarsusyenihaber.com\/index.php\/wp-json\/wp\/v2\/tags?post=4681"},{"taxonomy":"author","embeddable":true,"href":"https:\/\/tarsusyenihaber.com\/index.php\/wp-json\/wp\/v2\/ppma_author?post=4681"}],"curies":[{"name":"wp","href":"https:\/\/api.w.org\/{rel}","templated":true}]}}