{"id":4679,"date":"2025-05-20T08:31:46","date_gmt":"2025-05-20T05:31:46","guid":{"rendered":"https:\/\/tarsusyenihaber.com\/?p=4679"},"modified":"2025-05-20T08:31:47","modified_gmt":"2025-05-20T05:31:47","slug":"baskan-sofu-biz-uretimin-ve-ureticinin-daima-yanindayiz","status":"publish","type":"post","link":"https:\/\/tarsusyenihaber.com\/index.php\/2025\/05\/20\/baskan-sofu-biz-uretimin-ve-ureticinin-daima-yanindayiz\/","title":{"rendered":"BA\u015eKAN SOFU: \u201cB\u0130Z, \u00dcRET\u0130M\u0130N VE \u00dcRET\u0130C\u0130N\u0130N DA\u0130MA YANINDAYIZ\u201d"},"content":{"rendered":"\n<p>BA\u015eKAN SOFU: \u201cB\u0130Z, \u00dcRET\u0130M\u0130N VE \u00dcRET\u0130C\u0130N\u0130N DA\u0130MA YANINDAYIZ\u201d<\/p>\n\n\n\n<p>\u00c7aml\u0131yayla Belediye Ba\u015fkan\u0131 Mehmet Fatih Sofu, belediyecilik hizmetlerinin yan\u0131 s\u0131ra k\u0131rsal kalk\u0131nmaya da b\u00fcy\u00fck \u00f6nem veriyor.<\/p>\n\n\n\n<p>Ba\u015fkan Sofu, Sar\u0131kavak Mahallesi\u2019nden \u00fcretici Yusuf Eker\u2019i bah\u00e7esinde ziyaret ederek, hem hasb\u0131hal etti hem de sorun ve taleplerini dinledi.<\/p>\n\n\n\n<p>Turizm ve tar\u0131m kenti \u00c7aml\u0131yayla\u2019n\u0131n \u00e7ok daha ileriye gitmesi ad\u0131na \u00c7aml\u0131yayla Belediyesi olarak her t\u00fcrl\u00fc deste\u011fi vermeye devam edeceklerini belirten Ba\u015fkan Sofu, Tarsus Yeni Haber portal\u0131na yapt\u0131\u011f\u0131 a\u00e7\u0131klamas\u0131nda \u201cBizler \u00c7aml\u0131yayla Belediyesi olarak, \u00fcreticilerimizin tarla ve bah\u00e7elerine daha rahat ula\u015fabilmeleri amac\u0131yla \u00f6zellikle k\u0131rsal mahallelerde yol geni\u015fletme ve d\u00fczenleme \u00e7al\u0131\u015fmalar\u0131na devam ediyoruz. K\u0131\u015f mevsiminin sona ermesi ve hava \u015fartlar\u0131n\u0131n iyile\u015fmesiyle birlikte sahada yo\u011fun \u00e7al\u0131\u015fma program\u0131 ba\u015flatan Fen \u0130\u015fleri M\u00fcd\u00fcrl\u00fc\u011f\u00fc ekipleri il\u00e7emiz genelindeki k\u0131rsal mahalle yollar\u0131nda kapsaml\u0131 bak\u0131m ve onar\u0131m \u00e7al\u0131\u015fmalar\u0131 y\u00fcr\u00fctmektedir. Y\u00fcr\u00fctt\u00fc\u011f\u00fcm\u00fcz bu \u00e7al\u0131\u015fmalar sayesinde ise \u00e7ift\u00e7ilerimizin zaman kayb\u0131 en aza indirilmekte, ula\u015f\u0131m konforu art\u0131r\u0131lmakta ve \u00fcr\u00fcn kalitesi ile verimlilik olumlu y\u00f6nde etkilenmektedir. \u00c7aml\u0131yayla Belediyesi olarak bizler, \u00fcretimin ve \u00fcreticinin daima yan\u0131nda olmaya, k\u0131rsal kalk\u0131nmay\u0131 destekleyen projelerle hem\u015ferilerimizin hizmetinde olmaya devam edece\u011fiz\u201d ifadesini kulland\u0131.<\/p>\n","protected":false},"excerpt":{"rendered":"<p>BA\u015eKAN SOFU: \u201cB\u0130Z, \u00dcRET\u0130M\u0130N VE \u00dcRET\u0130C\u0130N\u0130N DA\u0130MA YANINDAYIZ\u201d \u00c7aml\u0131yayla Belediye Ba\u015fkan\u0131 Mehmet Fatih Sofu, belediyecilik hizmetlerinin yan\u0131 s\u0131ra k\u0131rsal kalk\u0131nmaya da b\u00fcy\u00fck \u00f6nem veriyor. Ba\u015fkan Sofu, Sar\u0131kavak Mahallesi\u2019nden \u00fcretici Yusuf Eker\u2019i bah\u00e7esinde ziyaret ederek, hem hasb\u0131hal etti hem de sorun ve taleplerini dinledi. Turizm ve tar\u0131m kenti \u00c7aml\u0131yayla\u2019n\u0131n \u00e7ok daha ileriye gitmesi ad\u0131na \u00c7aml\u0131yayla Belediyesi [&hellip;]<\/p>\n","protected":false},"author":1,"featured_media":4670,"comment_status":"open","ping_status":"open","sticky":false,"template":"","format":"standard","meta":{"footnotes":""},"categories":[2],"tags":[],"ppma_author":[14],"class_list":["post-4679","post","type-post","status-publish","format-standard","has-post-thumbnail","hentry","category-guncel"],"authors":[{"term_id":14,"user_id":1,"is_guest":0,"slug":"admin","display_name":"admin","avatar_url":{"url":"https:\/\/tarsusyenihaber.com\/wp-content\/uploads\/2024\/09\/2024tynhaber1-1.jpg","url2x":"https:\/\/tarsusyenihaber.com\/wp-content\/uploads\/2024\/09\/2024tynhaber1-1.jpg"},"1":"","2":"","3":"","4":"","5":"","6":"","7":"","8":""}],"_links":{"self":[{"href":"https:\/\/tarsusyenihaber.com\/index.php\/wp-json\/wp\/v2\/posts\/4679"}],"collection":[{"href":"https:\/\/tarsusyenihaber.com\/index.php\/wp-json\/wp\/v2\/posts"}],"about":[{"href":"https:\/\/tarsusyenihaber.com\/index.php\/wp-json\/wp\/v2\/types\/post"}],"author":[{"embeddable":true,"href":"https:\/\/tarsusyenihaber.com\/index.php\/wp-json\/wp\/v2\/users\/1"}],"replies":[{"embeddable":true,"href":"https:\/\/tarsusyenihaber.com\/index.php\/wp-json\/wp\/v2\/comments?post=4679"}],"version-history":[{"count":1,"href":"https:\/\/tarsusyenihaber.com\/index.php\/wp-json\/wp\/v2\/posts\/4679\/revisions"}],"predecessor-version":[{"id":4680,"href":"https:\/\/tarsusyenihaber.com\/index.php\/wp-json\/wp\/v2\/posts\/4679\/revisions\/4680"}],"wp:featuredmedia":[{"embeddable":true,"href":"https:\/\/tarsusyenihaber.com\/index.php\/wp-json\/wp\/v2\/media\/4670"}],"wp:attachment":[{"href":"https:\/\/tarsusyenihaber.com\/index.php\/wp-json\/wp\/v2\/media?parent=4679"}],"wp:term":[{"taxonomy":"category","embeddable":true,"href":"https:\/\/tarsusyenihaber.com\/index.php\/wp-json\/wp\/v2\/categories?post=4679"},{"taxonomy":"post_tag","embeddable":true,"href":"https:\/\/tarsusyenihaber.com\/index.php\/wp-json\/wp\/v2\/tags?post=4679"},{"taxonomy":"author","embeddable":true,"href":"https:\/\/tarsusyenihaber.com\/index.php\/wp-json\/wp\/v2\/ppma_author?post=4679"}],"curies":[{"name":"wp","href":"https:\/\/api.w.org\/{rel}","templated":true}]}}