{"id":4677,"date":"2025-05-20T08:31:09","date_gmt":"2025-05-20T05:31:09","guid":{"rendered":"https:\/\/tarsusyenihaber.com\/?p=4677"},"modified":"2025-05-20T08:31:10","modified_gmt":"2025-05-20T05:31:10","slug":"camliyaylada-19-mayis-coskusu","status":"publish","type":"post","link":"https:\/\/tarsusyenihaber.com\/index.php\/2025\/05\/20\/camliyaylada-19-mayis-coskusu\/","title":{"rendered":"\u00c7AMLIYAYLA\u2019DA, 19 MAYIS CO\u015eKUSU"},"content":{"rendered":"\n<p>\u00c7AMLIYAYLA\u2019DA, 19 MAYIS CO\u015eKUSU<\/p>\n\n\n\n<p>19 May\u0131s Atat\u00fcrk&#8217;\u00fc Anma Gen\u00e7lik ve Spor Bayram\u0131, yurt genelinde oldu\u011fu gibi \u00c7aml\u0131yayla il\u00e7esinde de co\u015fkuyla kutland\u0131.<\/p>\n\n\n\n<p>Belediye Hizmet Binas\u0131 \u00f6n\u00fcnde ba\u015flayan kutlama program\u0131na Kaymakam Veli Avc\u0131 ve e\u015fi Dr. Aysa Avc\u0131, Belediye Ba\u015fkan\u0131 Mehmet Fatih Sofu, il\u00e7e protokol\u00fc, siyasi parti \u0130l\u00e7e Ba\u015fkan ve y\u00f6neticileri, mahalle muhtarlar\u0131 ve vatanda\u015flar kat\u0131ld\u0131.<\/p>\n\n\n\n<figure class=\"wp-block-image size-large\"><img loading=\"lazy\" decoding=\"async\" width=\"1024\" height=\"768\" src=\"http:\/\/tarsusyenihaber.com\/wp-content\/uploads\/2025\/05\/CAMLIYAYLADA-19-MAYIS-2-1024x768.jpg\" alt=\"\" class=\"wp-image-4668\" srcset=\"https:\/\/tarsusyenihaber.com\/wp-content\/uploads\/2025\/05\/CAMLIYAYLADA-19-MAYIS-2-1024x768.jpg 1024w, https:\/\/tarsusyenihaber.com\/wp-content\/uploads\/2025\/05\/CAMLIYAYLADA-19-MAYIS-2-300x225.jpg 300w, https:\/\/tarsusyenihaber.com\/wp-content\/uploads\/2025\/05\/CAMLIYAYLADA-19-MAYIS-2-768x576.jpg 768w, https:\/\/tarsusyenihaber.com\/wp-content\/uploads\/2025\/05\/CAMLIYAYLADA-19-MAYIS-2.jpg 1440w\" sizes=\"(max-width: 1024px) 100vw, 1024px\" \/><\/figure>\n\n\n\n<p>\u0130l\u00e7e Milli E\u011fitim M\u00fcd\u00fcr\u00fc \u0130smail Bahad\u0131r \u00c7etin taraf\u0131ndan Atat\u00fcrk An\u0131t\u0131\u2019na \u00e7elenk konulmas\u0131 sonras\u0131 sayg\u0131 duru\u015fu ve \u0130stiklal Mar\u015f\u0131n\u0131n okunmas\u0131n\u0131n ard\u0131ndan Beylerolu\u011fu\u2019ndan ba\u015flayan kortej y\u00fcr\u00fcy\u00fc\u015f\u00fcne ge\u00e7ildi.<\/p>\n\n\n\n<p>\u00c7aml\u0131yayla Kas\u0131m Ekenler \u00c7ok Programl\u0131 Anadolu Lisesi taraf\u0131ndan g\u00fcn\u00fcn anlam ve \u00f6nemini belirten g\u00f6sterimlerin de yap\u0131ld\u0131\u011f\u0131 ve b\u00fcy\u00fck ilgi g\u00f6ren program sonras\u0131nda protokol \u00fcyeleri \u0130l\u00e7e Milli E\u011fitim M\u00fcd\u00fcrl\u00fc\u011f\u00fc taraf\u0131ndan bu y\u0131l ilki d\u00fczenlenen Hayat Boyu \u00d6\u011frenme Haftas\u0131 ve \u00c7ocuk \u015eenli\u011fi Program\u0131\u2019na kat\u0131l\u0131m sa\u011flad\u0131lar.<\/p>\n","protected":false},"excerpt":{"rendered":"<p>\u00c7AMLIYAYLA\u2019DA, 19 MAYIS CO\u015eKUSU 19 May\u0131s Atat\u00fcrk&#8217;\u00fc Anma Gen\u00e7lik ve Spor Bayram\u0131, yurt genelinde oldu\u011fu gibi \u00c7aml\u0131yayla il\u00e7esinde de co\u015fkuyla kutland\u0131. Belediye Hizmet Binas\u0131 \u00f6n\u00fcnde ba\u015flayan kutlama program\u0131na Kaymakam Veli Avc\u0131 ve e\u015fi Dr. Aysa Avc\u0131, Belediye Ba\u015fkan\u0131 Mehmet Fatih Sofu, il\u00e7e protokol\u00fc, siyasi parti \u0130l\u00e7e Ba\u015fkan ve y\u00f6neticileri, mahalle muhtarlar\u0131 ve vatanda\u015flar kat\u0131ld\u0131. \u0130l\u00e7e [&hellip;]<\/p>\n","protected":false},"author":1,"featured_media":4671,"comment_status":"open","ping_status":"open","sticky":false,"template":"","format":"standard","meta":{"footnotes":""},"categories":[2],"tags":[],"ppma_author":[14],"class_list":["post-4677","post","type-post","status-publish","format-standard","has-post-thumbnail","hentry","category-guncel"],"authors":[{"term_id":14,"user_id":1,"is_guest":0,"slug":"admin","display_name":"admin","avatar_url":{"url":"https:\/\/tarsusyenihaber.com\/wp-content\/uploads\/2024\/09\/2024tynhaber1-1.jpg","url2x":"https:\/\/tarsusyenihaber.com\/wp-content\/uploads\/2024\/09\/2024tynhaber1-1.jpg"},"1":"","2":"","3":"","4":"","5":"","6":"","7":"","8":""}],"_links":{"self":[{"href":"https:\/\/tarsusyenihaber.com\/index.php\/wp-json\/wp\/v2\/posts\/4677"}],"collection":[{"href":"https:\/\/tarsusyenihaber.com\/index.php\/wp-json\/wp\/v2\/posts"}],"about":[{"href":"https:\/\/tarsusyenihaber.com\/index.php\/wp-json\/wp\/v2\/types\/post"}],"author":[{"embeddable":true,"href":"https:\/\/tarsusyenihaber.com\/index.php\/wp-json\/wp\/v2\/users\/1"}],"replies":[{"embeddable":true,"href":"https:\/\/tarsusyenihaber.com\/index.php\/wp-json\/wp\/v2\/comments?post=4677"}],"version-history":[{"count":1,"href":"https:\/\/tarsusyenihaber.com\/index.php\/wp-json\/wp\/v2\/posts\/4677\/revisions"}],"predecessor-version":[{"id":4678,"href":"https:\/\/tarsusyenihaber.com\/index.php\/wp-json\/wp\/v2\/posts\/4677\/revisions\/4678"}],"wp:featuredmedia":[{"embeddable":true,"href":"https:\/\/tarsusyenihaber.com\/index.php\/wp-json\/wp\/v2\/media\/4671"}],"wp:attachment":[{"href":"https:\/\/tarsusyenihaber.com\/index.php\/wp-json\/wp\/v2\/media?parent=4677"}],"wp:term":[{"taxonomy":"category","embeddable":true,"href":"https:\/\/tarsusyenihaber.com\/index.php\/wp-json\/wp\/v2\/categories?post=4677"},{"taxonomy":"post_tag","embeddable":true,"href":"https:\/\/tarsusyenihaber.com\/index.php\/wp-json\/wp\/v2\/tags?post=4677"},{"taxonomy":"author","embeddable":true,"href":"https:\/\/tarsusyenihaber.com\/index.php\/wp-json\/wp\/v2\/ppma_author?post=4677"}],"curies":[{"name":"wp","href":"https:\/\/api.w.org\/{rel}","templated":true}]}}