{"id":4675,"date":"2025-05-20T08:29:45","date_gmt":"2025-05-20T05:29:45","guid":{"rendered":"https:\/\/tarsusyenihaber.com\/?p=4675"},"modified":"2025-05-20T08:29:45","modified_gmt":"2025-05-20T05:29:45","slug":"tarsus-tso-meclis-baskani-yagci-19-mayis-kutlamalarina-katildi","status":"publish","type":"post","link":"https:\/\/tarsusyenihaber.com\/index.php\/2025\/05\/20\/tarsus-tso-meclis-baskani-yagci-19-mayis-kutlamalarina-katildi\/","title":{"rendered":"TARSUS TSO MECL\u0130S BA\u015eKANI YA\u011eCI, 19 MAYIS KUTLAMALARINA KATILDI"},"content":{"rendered":"\n<p>TARSUS TSO MECL\u0130S BA\u015eKANI YA\u011eCI, 19 MAYIS KUTLAMALARINA KATILDI<\/p>\n\n\n\n<p>Tarsus Ticaret ve Sanayi Odas\u0131 (TSO) Meclis Ba\u015fkan\u0131 H\u00fcsn\u00fc Ya\u011fc\u0131, 19 May\u0131s Atat\u00fcrk\u2019\u00fc Anma, Gen\u00e7lik ve Spor Bayram\u0131 kutlamalar\u0131na kat\u0131ld\u0131.<\/p>\n\n\n\n<p>Meclis Ba\u015fkan\u0131 Ya\u011fc\u0131, Cumhuriyet Meydan\u0131 ve K\u00fclt\u00fcr Park\u0131\u2019ndaki kutlamalar sonras\u0131nda<\/p>\n\n\n\n<p>Tarsus Yeni Haber portal\u0131na yapt\u0131\u011f\u0131 a\u00e7\u0131klamas\u0131nda, \u201cMilli m\u00fccadelenin ba\u015flad\u0131\u011f\u0131 tarih olan 19 May\u0131s, T\u00fcrk milletinin birlik ve b\u00fct\u00fcnl\u00fc\u011f\u00fcne y\u00f6nelik her t\u00fcrl\u00fc sald\u0131r\u0131 veya tehdit kar\u015f\u0131s\u0131nda kenetlenerek hi\u00e7 bir g\u00fcc\u00fcn, hangi ama\u00e7la ve ne \u015fekilde olursa olsun, birli\u011finin ve ba\u011f\u0131ms\u0131zl\u0131\u011f\u0131n\u0131n elinden almas\u0131na f\u0131rsat vermeyece\u011finin simgesi olmu\u015ftur. 19 May\u0131s\u2019ta ba\u015flayan ba\u011f\u0131ms\u0131zl\u0131k m\u00fccadelesi ile ilk ad\u0131mlar\u0131 at\u0131lan Cumhuriyetimizin; birlik ve beraberlik ruhu i\u00e7erisinde, gelecekte daha huzurlu, daha geli\u015fmi\u015f, daha m\u00fcreffeh bir ortama kavu\u015fmas\u0131 i\u00e7in bizlere ve \u00f6zellikle de Atat\u00fcrk&#8217;\u00fcn 19 May\u0131s&#8217;\u0131 arma\u011fan etti\u011fi gen\u00e7lerimize b\u00fcy\u00fck g\u00f6revler d\u00fc\u015fmektedir. Unutulmamal\u0131d\u0131r ki; hepimizin ortak sorumlulu\u011fu olan gen\u00e7lerimizin ba\u015far\u0131s\u0131, Cumhuriyetimizi y\u00fcceltecek yeg\u00e2ne unsurdur. Ben bu vesileyle gelece\u011fimizi emanet edece\u011fimiz, yar\u0131n\u0131n umudu gen\u00e7lerimizin de 19 May\u0131s Atat\u00fcrk\u2019\u00fc Anma, Gen\u00e7lik ve Spor Bayram\u0131n\u0131 kutluyor; sa\u011fl\u0131k ve ba\u015far\u0131lar diliyorum\u201d ifadesine yer verdi.<\/p>\n","protected":false},"excerpt":{"rendered":"<p>TARSUS TSO MECL\u0130S BA\u015eKANI YA\u011eCI, 19 MAYIS KUTLAMALARINA KATILDI Tarsus Ticaret ve Sanayi Odas\u0131 (TSO) Meclis Ba\u015fkan\u0131 H\u00fcsn\u00fc Ya\u011fc\u0131, 19 May\u0131s Atat\u00fcrk\u2019\u00fc Anma, Gen\u00e7lik ve Spor Bayram\u0131 kutlamalar\u0131na kat\u0131ld\u0131. Meclis Ba\u015fkan\u0131 Ya\u011fc\u0131, Cumhuriyet Meydan\u0131 ve K\u00fclt\u00fcr Park\u0131\u2019ndaki kutlamalar sonras\u0131nda Tarsus Yeni Haber portal\u0131na yapt\u0131\u011f\u0131 a\u00e7\u0131klamas\u0131nda, \u201cMilli m\u00fccadelenin ba\u015flad\u0131\u011f\u0131 tarih olan 19 May\u0131s, T\u00fcrk milletinin birlik [&hellip;]<\/p>\n","protected":false},"author":1,"featured_media":4666,"comment_status":"open","ping_status":"open","sticky":false,"template":"","format":"standard","meta":{"footnotes":""},"categories":[2],"tags":[],"ppma_author":[14],"class_list":["post-4675","post","type-post","status-publish","format-standard","has-post-thumbnail","hentry","category-guncel"],"authors":[{"term_id":14,"user_id":1,"is_guest":0,"slug":"admin","display_name":"admin","avatar_url":{"url":"https:\/\/tarsusyenihaber.com\/wp-content\/uploads\/2024\/09\/2024tynhaber1-1.jpg","url2x":"https:\/\/tarsusyenihaber.com\/wp-content\/uploads\/2024\/09\/2024tynhaber1-1.jpg"},"1":"","2":"","3":"","4":"","5":"","6":"","7":"","8":""}],"_links":{"self":[{"href":"https:\/\/tarsusyenihaber.com\/index.php\/wp-json\/wp\/v2\/posts\/4675"}],"collection":[{"href":"https:\/\/tarsusyenihaber.com\/index.php\/wp-json\/wp\/v2\/posts"}],"about":[{"href":"https:\/\/tarsusyenihaber.com\/index.php\/wp-json\/wp\/v2\/types\/post"}],"author":[{"embeddable":true,"href":"https:\/\/tarsusyenihaber.com\/index.php\/wp-json\/wp\/v2\/users\/1"}],"replies":[{"embeddable":true,"href":"https:\/\/tarsusyenihaber.com\/index.php\/wp-json\/wp\/v2\/comments?post=4675"}],"version-history":[{"count":1,"href":"https:\/\/tarsusyenihaber.com\/index.php\/wp-json\/wp\/v2\/posts\/4675\/revisions"}],"predecessor-version":[{"id":4676,"href":"https:\/\/tarsusyenihaber.com\/index.php\/wp-json\/wp\/v2\/posts\/4675\/revisions\/4676"}],"wp:featuredmedia":[{"embeddable":true,"href":"https:\/\/tarsusyenihaber.com\/index.php\/wp-json\/wp\/v2\/media\/4666"}],"wp:attachment":[{"href":"https:\/\/tarsusyenihaber.com\/index.php\/wp-json\/wp\/v2\/media?parent=4675"}],"wp:term":[{"taxonomy":"category","embeddable":true,"href":"https:\/\/tarsusyenihaber.com\/index.php\/wp-json\/wp\/v2\/categories?post=4675"},{"taxonomy":"post_tag","embeddable":true,"href":"https:\/\/tarsusyenihaber.com\/index.php\/wp-json\/wp\/v2\/tags?post=4675"},{"taxonomy":"author","embeddable":true,"href":"https:\/\/tarsusyenihaber.com\/index.php\/wp-json\/wp\/v2\/ppma_author?post=4675"}],"curies":[{"name":"wp","href":"https:\/\/api.w.org\/{rel}","templated":true}]}}