{"id":4664,"date":"2025-05-20T08:28:46","date_gmt":"2025-05-20T05:28:46","guid":{"rendered":"https:\/\/tarsusyenihaber.com\/?p=4664"},"modified":"2025-05-20T08:28:47","modified_gmt":"2025-05-20T05:28:47","slug":"iktisadi-ve-idari-bilimler-fakultesi-geleneksel-iibf-fest-ile-akademik-yili-tamamladi","status":"publish","type":"post","link":"https:\/\/tarsusyenihaber.com\/index.php\/2025\/05\/20\/iktisadi-ve-idari-bilimler-fakultesi-geleneksel-iibf-fest-ile-akademik-yili-tamamladi\/","title":{"rendered":"\u0130KT\u0130SAD\u0130 VE \u0130DAR\u0130 B\u0130L\u0130MLER FAK\u00dcLTES\u0130, GELENEKSEL \u0130\u0130BF-FEST \u0130LE AKADEM\u0130K YILI TAMAMLADI"},"content":{"rendered":"\n<p>\u0130KT\u0130SAD\u0130 VE \u0130DAR\u0130 B\u0130L\u0130MLER FAK\u00dcLTES\u0130, GELENEKSEL \u0130\u0130BF-FEST \u0130LE AKADEM\u0130K YILI TAMAMLADI<\/p>\n\n\n\n<p>Tarsus \u00dcniversitesi \u0130ktisadi ve \u0130dari Bilimler Fak\u00fcltesi (\u0130\u0130BF),&nbsp;2024-2025&nbsp;e\u011fitim-\u00f6\u011fretim y\u0131l\u0131n\u0131 12-14 May\u0131s 2025 tarihleri aras\u0131nda d\u00fczenlenen 2. \u0130\u0130BF Akademik D\u00f6nem Kapan\u0131\u015f \u015eenli\u011fi \u0130\u0130BF-FEST ile tamamlad\u0131. Festival, \u00fc\u00e7 g\u00fcn boyunca akademi, k\u00fclt\u00fcr ve sanat alan\u0131nda \u00e7ok say\u0131da etkinli\u011fe ev sahipli\u011fi yapt\u0131.<\/p>\n\n\n\n<p>Tarsus \u00dcniversitesi Konferans Salonunda ba\u015flayan, Rekt\u00f6r Yard\u0131mc\u0131s\u0131 Prof. Dr. Tu\u011fba Yolcu&#8217;nun da kat\u0131ld\u0131\u011f\u0131 festivalin a\u00e7\u0131\u015f konu\u015fmas\u0131, \u0130\u0130BF Dekan\u0131 Prof. Dr. Ali Deran taraf\u0131ndan ger\u00e7ekle\u015ftirildi. Prof. Dr. Deran konu\u015fmas\u0131nda, fak\u00fcltenin akademik geli\u015fim s\u00fcrecine ve \u00f6\u011frenci odakl\u0131 \u00e7al\u0131\u015fmalar\u0131na de\u011finerek \u201c\u0130\u0130BF-FEST, sadece bir akademik y\u0131l\u0131n kapan\u0131\u015f etkinli\u011fi de\u011fil; ayn\u0131 zamanda fak\u00fcltemizin bir y\u0131l boyunca ortaya koydu\u011fu eme\u011fin, akademik \u00fcretiminin ve birlikte ba\u015farma k\u00fclt\u00fcr\u00fcn\u00fcn yans\u0131mas\u0131d\u0131r\u201d dedi. Verimli bir e\u011fitim-\u00f6\u011fretim y\u0131l\u0131n\u0131n ger\u00e7ekle\u015fmesinde eme\u011fi bulunan akademik ve idari personel ile fak\u00fclte \u00f6\u011frencilerine te\u015fekk\u00fcr eden Deran, \u0130\u0130BF\u2019nin gelecek d\u00f6nemde de yenilik\u00e7i projeler ve \u00f6nc\u00fc \u00e7al\u0131\u015fmalar\u0131yla hem akademiye hem de topluma katk\u0131 sunmaya devam edece\u011fini belirtti.<\/p>\n\n\n\n<p>Bu y\u0131l ikincisi d\u00fczenlenen \u0130\u0130BF-FEST, program\u0131n ilk b\u00f6l\u00fcm\u00fcn\u00fcn tamamlanmas\u0131n\u0131n ard\u0131ndan; Dekan-\u00d6\u011frenci Bulu\u015fmas\u0131, \u201cMezuniyet Sonras\u0131 \u00c7al\u0131\u015fma Hayat\u0131 ve Kariyer \u0130mk\u00e2nlar\u0131\u201d s\u00f6yle\u015fisi, Lisans\u00fcst\u00fc \u00d6\u011frenci Seminerleri, konser etkinli\u011fi ve \u0130\u0130BF-FEST \u00d6d\u00fcl T\u00f6reniyle devam etti. Festival kapsam\u0131nda ger\u00e7ekle\u015ftirilen \u00d6d\u00fcl T\u00f6reninde; ara\u015ft\u0131rma, akademik yay\u0131n, T\u00dcB\u0130TAK Ar-Ge projeleri, toplumsal katk\u0131 \u00e7al\u0131\u015fmalar\u0131, uluslararas\u0131 Ar-Ge faaliyetleri ve kalite s\u00fcre\u00e7lerine katk\u0131 gibi \u00f6ne \u00e7\u0131kan ba\u015fl\u0131klarda \u00f6d\u00fcller takdim edildi. T\u00f6rende ayr\u0131ca \u0130\u0130BF Spor Turnuvalar\u0131nda dereceye giren \u00f6\u011frencilere de ba\u015far\u0131 belgeleri ve \u00f6d\u00fclleri sunuldu. \u0130\u0130BF-FEST, yo\u011fun ge\u00e7en iki g\u00fcn\u00fcn ard\u0131ndan \u00fc\u00e7\u00fcnc\u00fc g\u00fcn ger\u00e7ekle\u015ftirilen, Tarsus\u2019un tarih\u00ee ve k\u00fclt\u00fcrel miras\u0131na tan\u0131kl\u0131k etmeyi ama\u00e7layan kent ve m\u00fcze gezisiyle sona erdi.<\/p>\n","protected":false},"excerpt":{"rendered":"<p>\u0130KT\u0130SAD\u0130 VE \u0130DAR\u0130 B\u0130L\u0130MLER FAK\u00dcLTES\u0130, GELENEKSEL \u0130\u0130BF-FEST \u0130LE AKADEM\u0130K YILI TAMAMLADI Tarsus \u00dcniversitesi \u0130ktisadi ve \u0130dari Bilimler Fak\u00fcltesi (\u0130\u0130BF),&nbsp;2024-2025&nbsp;e\u011fitim-\u00f6\u011fretim y\u0131l\u0131n\u0131 12-14 May\u0131s 2025 tarihleri aras\u0131nda d\u00fczenlenen 2. \u0130\u0130BF Akademik D\u00f6nem Kapan\u0131\u015f \u015eenli\u011fi \u0130\u0130BF-FEST ile tamamlad\u0131. Festival, \u00fc\u00e7 g\u00fcn boyunca akademi, k\u00fclt\u00fcr ve sanat alan\u0131nda \u00e7ok say\u0131da etkinli\u011fe ev sahipli\u011fi yapt\u0131. Tarsus \u00dcniversitesi Konferans Salonunda ba\u015flayan, [&hellip;]<\/p>\n","protected":false},"author":1,"featured_media":4669,"comment_status":"open","ping_status":"open","sticky":false,"template":"","format":"standard","meta":{"footnotes":""},"categories":[2],"tags":[],"ppma_author":[14],"class_list":["post-4664","post","type-post","status-publish","format-standard","has-post-thumbnail","hentry","category-guncel"],"authors":[{"term_id":14,"user_id":1,"is_guest":0,"slug":"admin","display_name":"admin","avatar_url":{"url":"https:\/\/tarsusyenihaber.com\/wp-content\/uploads\/2024\/09\/2024tynhaber1-1.jpg","url2x":"https:\/\/tarsusyenihaber.com\/wp-content\/uploads\/2024\/09\/2024tynhaber1-1.jpg"},"1":"","2":"","3":"","4":"","5":"","6":"","7":"","8":""}],"_links":{"self":[{"href":"https:\/\/tarsusyenihaber.com\/index.php\/wp-json\/wp\/v2\/posts\/4664"}],"collection":[{"href":"https:\/\/tarsusyenihaber.com\/index.php\/wp-json\/wp\/v2\/posts"}],"about":[{"href":"https:\/\/tarsusyenihaber.com\/index.php\/wp-json\/wp\/v2\/types\/post"}],"author":[{"embeddable":true,"href":"https:\/\/tarsusyenihaber.com\/index.php\/wp-json\/wp\/v2\/users\/1"}],"replies":[{"embeddable":true,"href":"https:\/\/tarsusyenihaber.com\/index.php\/wp-json\/wp\/v2\/comments?post=4664"}],"version-history":[{"count":1,"href":"https:\/\/tarsusyenihaber.com\/index.php\/wp-json\/wp\/v2\/posts\/4664\/revisions"}],"predecessor-version":[{"id":4674,"href":"https:\/\/tarsusyenihaber.com\/index.php\/wp-json\/wp\/v2\/posts\/4664\/revisions\/4674"}],"wp:featuredmedia":[{"embeddable":true,"href":"https:\/\/tarsusyenihaber.com\/index.php\/wp-json\/wp\/v2\/media\/4669"}],"wp:attachment":[{"href":"https:\/\/tarsusyenihaber.com\/index.php\/wp-json\/wp\/v2\/media?parent=4664"}],"wp:term":[{"taxonomy":"category","embeddable":true,"href":"https:\/\/tarsusyenihaber.com\/index.php\/wp-json\/wp\/v2\/categories?post=4664"},{"taxonomy":"post_tag","embeddable":true,"href":"https:\/\/tarsusyenihaber.com\/index.php\/wp-json\/wp\/v2\/tags?post=4664"},{"taxonomy":"author","embeddable":true,"href":"https:\/\/tarsusyenihaber.com\/index.php\/wp-json\/wp\/v2\/ppma_author?post=4664"}],"curies":[{"name":"wp","href":"https:\/\/api.w.org\/{rel}","templated":true}]}}