{"id":4647,"date":"2025-05-16T11:30:34","date_gmt":"2025-05-16T08:30:34","guid":{"rendered":"https:\/\/tarsusyenihaber.com\/?p=4647"},"modified":"2025-05-16T11:30:34","modified_gmt":"2025-05-16T08:30:34","slug":"tarsus-belediyesi-zabita-mudurlugunden-kaldirim-isgali-denetimi","status":"publish","type":"post","link":"https:\/\/tarsusyenihaber.com\/index.php\/2025\/05\/16\/tarsus-belediyesi-zabita-mudurlugunden-kaldirim-isgali-denetimi\/","title":{"rendered":"TARSUS BELED\u0130YES\u0130 ZABITA M\u00dcD\u00dcRL\u00dc\u011e\u00dc&#8217;NDEN KALDIRIM \u0130\u015eGAL\u0130 DENET\u0130M\u0130"},"content":{"rendered":"\n<p><strong>TARSUS BELED\u0130YES\u0130 ZABITA M\u00dcD\u00dcRL\u00dc\u011e\u00dc&#8217;NDEN KALDIRIM \u0130\u015eGAL\u0130 DENET\u0130M\u0130<\/strong><\/p>\n\n\n\n<p><br>Tarsus Belediyesi, kent merkezindeki en yo\u011fun yaya g\u00fczergahlar\u0131ndan biri olan Makam Mevki\u2019nden ba\u015flay\u0131p, kent genelinde ana arter ve ara sokaklar da kald\u0131r\u0131m i\u015fgaliyle m\u00fccadele \u00e7al\u0131\u015fmalar\u0131na devam ediyor. Y\u00fcr\u00fct\u00fclen denetimlerde; masa-sandalye, \u00fcr\u00fcn te\u015fhir stantlar\u0131 ve yasak b\u00f6lgelere park edilen ara\u00e7lar tespit ediliyor.<\/p>\n\n\n\n<p><strong>ESNAFA \u0130\u015e B\u0130RL\u0130\u011e\u0130 \u00c7A\u011eRISI<\/strong><\/p>\n\n\n\n<p>Tarsus Belediyesi Zab\u0131ta M\u00fcd\u00fcrl\u00fc\u011f\u00fc, i\u015fgal edilen kald\u0131r\u0131mlarda esnaf ve vatanda\u015flara mevzuat hakk\u0131nda bilgilendirme yaparak yasal s\u0131n\u0131rlar konusunda uyar\u0131larda bulundu. \u00c7al\u0131\u015fmalar\u0131n uzun soluklu bir d\u00fczenleme operasyonu oldu\u011funu vurgulayarak esnaf ve vatanda\u015flar\u0131n deste\u011fini istedi.<\/p>\n\n\n\n<p><strong>DENET\u0130MLER SINIRLI KALMAYACAK<br><br><\/strong>Denetimlerin s\u0131n\u0131rl\u0131 kalmayaca\u011f\u0131n\u0131 vurgulayan Tarsus Belediye Ba\u015fkan\u0131 Ali Bolta\u00e7, \u201cTarsus\u2019ta t\u00fcm vatanda\u015flar\u0131m\u0131z\u0131n kald\u0131r\u0131mlar\u0131 rahat\u00e7a ve g\u00fcvenle kullanabilmesi \u00f6nceli\u011fimizdir. \u00d6zellikle engelli, ya\u015fl\u0131 ve \u00e7ocuklar\u0131n eri\u015filebilirli\u011fini sa\u011flamak ve kald\u0131r\u0131m i\u015fgallerini \u00f6nlemek i\u00e7in kararl\u0131 bir \u015fekilde denetimlerimizi s\u00fcrd\u00fcrece\u011fiz.&#8221; dedi.<\/p>\n","protected":false},"excerpt":{"rendered":"<p>TARSUS BELED\u0130YES\u0130 ZABITA M\u00dcD\u00dcRL\u00dc\u011e\u00dc&#8217;NDEN KALDIRIM \u0130\u015eGAL\u0130 DENET\u0130M\u0130 Tarsus Belediyesi, kent merkezindeki en yo\u011fun yaya g\u00fczergahlar\u0131ndan biri olan Makam Mevki\u2019nden ba\u015flay\u0131p, kent genelinde ana arter ve ara sokaklar da kald\u0131r\u0131m i\u015fgaliyle m\u00fccadele \u00e7al\u0131\u015fmalar\u0131na devam ediyor. Y\u00fcr\u00fct\u00fclen denetimlerde; masa-sandalye, \u00fcr\u00fcn te\u015fhir stantlar\u0131 ve yasak b\u00f6lgelere park edilen ara\u00e7lar tespit ediliyor. ESNAFA \u0130\u015e B\u0130RL\u0130\u011e\u0130 \u00c7A\u011eRISI Tarsus Belediyesi Zab\u0131ta [&hellip;]<\/p>\n","protected":false},"author":1,"featured_media":4645,"comment_status":"open","ping_status":"open","sticky":false,"template":"","format":"standard","meta":{"footnotes":""},"categories":[2],"tags":[],"ppma_author":[14],"class_list":["post-4647","post","type-post","status-publish","format-standard","has-post-thumbnail","hentry","category-guncel"],"authors":[{"term_id":14,"user_id":1,"is_guest":0,"slug":"admin","display_name":"admin","avatar_url":{"url":"https:\/\/tarsusyenihaber.com\/wp-content\/uploads\/2024\/09\/2024tynhaber1-1.jpg","url2x":"https:\/\/tarsusyenihaber.com\/wp-content\/uploads\/2024\/09\/2024tynhaber1-1.jpg"},"1":"","2":"","3":"","4":"","5":"","6":"","7":"","8":""}],"_links":{"self":[{"href":"https:\/\/tarsusyenihaber.com\/index.php\/wp-json\/wp\/v2\/posts\/4647"}],"collection":[{"href":"https:\/\/tarsusyenihaber.com\/index.php\/wp-json\/wp\/v2\/posts"}],"about":[{"href":"https:\/\/tarsusyenihaber.com\/index.php\/wp-json\/wp\/v2\/types\/post"}],"author":[{"embeddable":true,"href":"https:\/\/tarsusyenihaber.com\/index.php\/wp-json\/wp\/v2\/users\/1"}],"replies":[{"embeddable":true,"href":"https:\/\/tarsusyenihaber.com\/index.php\/wp-json\/wp\/v2\/comments?post=4647"}],"version-history":[{"count":1,"href":"https:\/\/tarsusyenihaber.com\/index.php\/wp-json\/wp\/v2\/posts\/4647\/revisions"}],"predecessor-version":[{"id":4648,"href":"https:\/\/tarsusyenihaber.com\/index.php\/wp-json\/wp\/v2\/posts\/4647\/revisions\/4648"}],"wp:featuredmedia":[{"embeddable":true,"href":"https:\/\/tarsusyenihaber.com\/index.php\/wp-json\/wp\/v2\/media\/4645"}],"wp:attachment":[{"href":"https:\/\/tarsusyenihaber.com\/index.php\/wp-json\/wp\/v2\/media?parent=4647"}],"wp:term":[{"taxonomy":"category","embeddable":true,"href":"https:\/\/tarsusyenihaber.com\/index.php\/wp-json\/wp\/v2\/categories?post=4647"},{"taxonomy":"post_tag","embeddable":true,"href":"https:\/\/tarsusyenihaber.com\/index.php\/wp-json\/wp\/v2\/tags?post=4647"},{"taxonomy":"author","embeddable":true,"href":"https:\/\/tarsusyenihaber.com\/index.php\/wp-json\/wp\/v2\/ppma_author?post=4647"}],"curies":[{"name":"wp","href":"https:\/\/api.w.org\/{rel}","templated":true}]}}