{"id":4642,"date":"2025-05-16T11:29:58","date_gmt":"2025-05-16T08:29:58","guid":{"rendered":"https:\/\/tarsusyenihaber.com\/?p=4642"},"modified":"2025-05-16T11:29:59","modified_gmt":"2025-05-16T08:29:59","slug":"tarsusta-gelecek-var-aktif-yasamda-hayat-var-temali-bahar-senligi-yogun-ilgi-gordu","status":"publish","type":"post","link":"https:\/\/tarsusyenihaber.com\/index.php\/2025\/05\/16\/tarsusta-gelecek-var-aktif-yasamda-hayat-var-temali-bahar-senligi-yogun-ilgi-gordu\/","title":{"rendered":"\u201cTARSUS\u2019TA GELECEK VAR, AKT\u0130F YA\u015eAMDA HAYAT VAR\u201d\u00a0 TEMALI BAHAR \u015eENL\u0130\u011e\u0130 YO\u011eUN \u0130LG\u0130 G\u00d6RD\u00dc"},"content":{"rendered":"\n<p><strong>\u201cTARSUS\u2019TA GELECEK VAR, AKT\u0130F YA\u015eAMDA HAYAT VAR\u201d&nbsp; TEMALI BAHAR \u015eENL\u0130\u011e\u0130 YO\u011eUN \u0130LG\u0130 G\u00d6RD\u00dc<\/strong><\/p>\n\n\n\n<p>Tarsus Belediyesi, Engelliler Haftas\u0131 dolay\u0131s\u0131yla Mersin Alzheimer Derne\u011fi Tarsus G\u00f6n\u00fcll\u00fcleri i\u015f birli\u011fiyle anlaml\u0131 bir etkinli\u011fe imza att\u0131. \u201cTarsus\u2019ta Gelecek Var, Aktif Ya\u015famda Hayat Var\u201d temas\u0131yla d\u00fczenlenen Bahar \u015eenli\u011fi, renkli g\u00f6r\u00fcnt\u00fclere ve co\u015fkulu anlara sahne oldu.<\/p>\n\n\n\n<p>Tarsus Belediyesi\u2019ne ba\u011fl\u0131 \u00dclker Ayd\u0131n Ya\u015fl\u0131 Dayan\u0131\u015fma Evi\u2019nde d\u00fczenlenen Bahar \u015eenli\u011fi etkinli\u011fi yo\u011fun ilgi g\u00f6rd\u00fc. Programda, Tarsus Belediyesi\u2019ne ba\u011fl\u0131 kre\u015flerde e\u011fitim g\u00f6ren miniklerin sahneledi\u011fi dans g\u00f6sterileri izleyenlere ne\u015feli anlar ya\u015fat\u0131rken, G\u00fclbahar \u00d6zmen Ritim ve Zumba Grubu\u2019nun enerjik performans\u0131 be\u011feniyle izlendi. Unutulmayan Na\u011fmeler Korosu\u2019nun seslendirdi\u011fi ezgiler ve Kent Orkestras\u0131\u2019n\u0131n m\u00fczikleriyle y\u00fckselen co\u015fkuya kadar dopdolu bir g\u00fcn ya\u015fand\u0131.<\/p>\n\n\n\n<figure class=\"wp-block-image size-large\"><img loading=\"lazy\" decoding=\"async\" width=\"1024\" height=\"576\" src=\"http:\/\/tarsusyenihaber.com\/wp-content\/uploads\/2025\/05\/4-21-1024x576.jpg\" alt=\"\" class=\"wp-image-4643\" srcset=\"https:\/\/tarsusyenihaber.com\/wp-content\/uploads\/2025\/05\/4-21-1024x576.jpg 1024w, https:\/\/tarsusyenihaber.com\/wp-content\/uploads\/2025\/05\/4-21-300x169.jpg 300w, https:\/\/tarsusyenihaber.com\/wp-content\/uploads\/2025\/05\/4-21-768x432.jpg 768w, https:\/\/tarsusyenihaber.com\/wp-content\/uploads\/2025\/05\/4-21-1536x864.jpg 1536w, https:\/\/tarsusyenihaber.com\/wp-content\/uploads\/2025\/05\/4-21-2048x1152.jpg 2048w\" sizes=\"(max-width: 1024px) 100vw, 1024px\" \/><\/figure>\n\n\n\n<p><strong>TARSUS\u2019TA HER YA\u015e \u0130\u00c7\u0130N YA\u015eAM VAR<\/strong><\/p>\n\n\n\n<p>Etkinlikte g\u00fcn\u00fcn anlam ve \u00f6nemine ili\u015fkin yap\u0131lan konu\u015fmalar ve \u015fiir dinletileri ger\u00e7ekle\u015fti. Tarsus Belediyesi, toplumun t\u00fcm kesimlerini kapsayan, dayan\u0131\u015fmay\u0131 ve aktif ya\u015fam\u0131 destekleyen \u00e7al\u0131\u015fmalar\u0131na aral\u0131ks\u0131z devam ediyor.<\/p>\n","protected":false},"excerpt":{"rendered":"<p>\u201cTARSUS\u2019TA GELECEK VAR, AKT\u0130F YA\u015eAMDA HAYAT VAR\u201d&nbsp; TEMALI BAHAR \u015eENL\u0130\u011e\u0130 YO\u011eUN \u0130LG\u0130 G\u00d6RD\u00dc Tarsus Belediyesi, Engelliler Haftas\u0131 dolay\u0131s\u0131yla Mersin Alzheimer Derne\u011fi Tarsus G\u00f6n\u00fcll\u00fcleri i\u015f birli\u011fiyle anlaml\u0131 bir etkinli\u011fe imza att\u0131. \u201cTarsus\u2019ta Gelecek Var, Aktif Ya\u015famda Hayat Var\u201d temas\u0131yla d\u00fczenlenen Bahar \u015eenli\u011fi, renkli g\u00f6r\u00fcnt\u00fclere ve co\u015fkulu anlara sahne oldu. Tarsus Belediyesi\u2019ne ba\u011fl\u0131 \u00dclker Ayd\u0131n Ya\u015fl\u0131 Dayan\u0131\u015fma [&hellip;]<\/p>\n","protected":false},"author":1,"featured_media":4644,"comment_status":"open","ping_status":"open","sticky":false,"template":"","format":"standard","meta":{"footnotes":""},"categories":[2],"tags":[],"ppma_author":[14],"class_list":["post-4642","post","type-post","status-publish","format-standard","has-post-thumbnail","hentry","category-guncel"],"authors":[{"term_id":14,"user_id":1,"is_guest":0,"slug":"admin","display_name":"admin","avatar_url":{"url":"https:\/\/tarsusyenihaber.com\/wp-content\/uploads\/2024\/09\/2024tynhaber1-1.jpg","url2x":"https:\/\/tarsusyenihaber.com\/wp-content\/uploads\/2024\/09\/2024tynhaber1-1.jpg"},"1":"","2":"","3":"","4":"","5":"","6":"","7":"","8":""}],"_links":{"self":[{"href":"https:\/\/tarsusyenihaber.com\/index.php\/wp-json\/wp\/v2\/posts\/4642"}],"collection":[{"href":"https:\/\/tarsusyenihaber.com\/index.php\/wp-json\/wp\/v2\/posts"}],"about":[{"href":"https:\/\/tarsusyenihaber.com\/index.php\/wp-json\/wp\/v2\/types\/post"}],"author":[{"embeddable":true,"href":"https:\/\/tarsusyenihaber.com\/index.php\/wp-json\/wp\/v2\/users\/1"}],"replies":[{"embeddable":true,"href":"https:\/\/tarsusyenihaber.com\/index.php\/wp-json\/wp\/v2\/comments?post=4642"}],"version-history":[{"count":1,"href":"https:\/\/tarsusyenihaber.com\/index.php\/wp-json\/wp\/v2\/posts\/4642\/revisions"}],"predecessor-version":[{"id":4646,"href":"https:\/\/tarsusyenihaber.com\/index.php\/wp-json\/wp\/v2\/posts\/4642\/revisions\/4646"}],"wp:featuredmedia":[{"embeddable":true,"href":"https:\/\/tarsusyenihaber.com\/index.php\/wp-json\/wp\/v2\/media\/4644"}],"wp:attachment":[{"href":"https:\/\/tarsusyenihaber.com\/index.php\/wp-json\/wp\/v2\/media?parent=4642"}],"wp:term":[{"taxonomy":"category","embeddable":true,"href":"https:\/\/tarsusyenihaber.com\/index.php\/wp-json\/wp\/v2\/categories?post=4642"},{"taxonomy":"post_tag","embeddable":true,"href":"https:\/\/tarsusyenihaber.com\/index.php\/wp-json\/wp\/v2\/tags?post=4642"},{"taxonomy":"author","embeddable":true,"href":"https:\/\/tarsusyenihaber.com\/index.php\/wp-json\/wp\/v2\/ppma_author?post=4642"}],"curies":[{"name":"wp","href":"https:\/\/api.w.org\/{rel}","templated":true}]}}