{"id":4640,"date":"2025-05-18T09:10:47","date_gmt":"2025-05-18T06:10:47","guid":{"rendered":"https:\/\/tarsusyenihaber.com\/?p=4640"},"modified":"2025-05-16T09:11:46","modified_gmt":"2025-05-16T06:11:46","slug":"borsa-meclis-baskani-kaya-19-mayis-turk-milleti-icin-umudun-yeserdigi-gundur","status":"publish","type":"post","link":"https:\/\/tarsusyenihaber.com\/index.php\/2025\/05\/18\/borsa-meclis-baskani-kaya-19-mayis-turk-milleti-icin-umudun-yeserdigi-gundur\/","title":{"rendered":"BORSA MECL\u0130S BA\u015eKANI KAYA: \u201c19 MAYIS, T\u00dcRK M\u0130LLET\u0130 \u0130\u00c7\u0130N UMUDUN YE\u015eERD\u0130\u011e\u0130 G\u00dcND\u00dcR\u201d"},"content":{"rendered":"\n<p>BORSA MECL\u0130S BA\u015eKANI KAYA: \u201c19 MAYIS, T\u00dcRK M\u0130LLET\u0130 \u0130\u00c7\u0130N UMUDUN YE\u015eERD\u0130\u011e\u0130 G\u00dcND\u00dcR\u201d<\/p>\n\n\n\n<p>Ticaret Borsas\u0131 Meclis Ba\u015fkan\u0131 Murat Kaya, 19 May\u0131s\u2019\u0131n i\u015fgal g\u00fc\u00e7lerine kar\u015f\u0131, Kurtulu\u015f Sava\u015f\u0131\u2019n\u0131n ba\u015flang\u0131\u00e7 g\u00fcn\u00fc olarak tarihte b\u00fcy\u00fck bir \u00f6neme sahip oldu\u011fu s\u00f6yledi.<\/p>\n\n\n\n<p>Meclis Ba\u015fkan\u0131 Kaya, 19 May\u0131s Atat\u00fcrk\u2019\u00fc Anma, Gen\u00e7lik ve Spor Bayram\u0131 dolay\u0131s\u0131yla yapt\u0131\u011f\u0131 a\u00e7\u0131klamas\u0131nda, \u201cBa\u011f\u0131ms\u0131zl\u0131k m\u00fccadelesinin ate\u015finin yak\u0131ld\u0131\u011f\u0131 g\u00fcn olan 19 May\u0131s 1919 tarihimizde \u00f6nemli bir \u00f6neme sahiptir. Bu anlaml\u0131 g\u00fcn\u00fcn gen\u00e7lerimize bayram olarak arma\u011fan edilmesinin alt\u0131nda \u00e7ok derin anlamlar vard\u0131r\u201d dedi.<\/p>\n\n\n\n<p>\u201cGen\u00e7lerimizin, bizleri ayd\u0131nl\u0131k gelece\u011fe g\u00f6t\u00fcrece\u011fine inanc\u0131m\u0131z tamd\u0131r\u201d diyen Murat Kaya \u201c19 May\u0131s, T\u00fcrk milletinin birlik ve b\u00fct\u00fcnl\u00fc\u011f\u00fcne y\u00f6nelik her t\u00fcrl\u00fc sald\u0131r\u0131 veya tehdit kar\u015f\u0131s\u0131nda kenetlenerek hi\u00e7 bir g\u00fcc\u00fcn, hangi ama\u00e7la ve ne \u015fekilde olursa olsun, birli\u011finin ve ba\u011f\u0131ms\u0131zl\u0131\u011f\u0131n\u0131n elinden almas\u0131na f\u0131rsat vermeyece\u011finin simgesi olmu\u015ftur. Ba\u011f\u0131ms\u0131zl\u0131k me\u015falesinin yak\u0131ld\u0131\u011f\u0131 bu \u00f6zel g\u00fcn\u00fc, gen\u00e7lerimizin ve milletimizin birlik ve beraberlik i\u00e7inde kutlamas\u0131, 19 May\u0131s ruhunu ya\u015fatmak ad\u0131na b\u00fcy\u00fck bir \u00f6neme sahiptir. 19 May\u0131s, T\u00fcrk milleti i\u00e7in umudun ye\u015ferdi\u011fi g\u00fcnd\u00fcr. Bu duygu ve d\u00fc\u015f\u00fcncelerle, Gazi Mustafa Kemal Atat\u00fcrk\u2019\u00fcn, vatan\u0131m\u0131z\u0131n b\u00f6l\u00fcnmez b\u00fct\u00fcnl\u00fc\u011f\u00fc, birlik ve beraberli\u011fimizin tesisi yolunda, kurtulu\u015f m\u00fccadelesini ba\u015flatt\u0131\u011f\u0131 bu anlaml\u0131 g\u00fcn\u00fcn y\u0131ld\u00f6n\u00fcm\u00fcnde, camiam\u0131z ad\u0131na, 19 May\u0131s Atat\u00fcrk\u2019\u00fc Anma Gen\u00e7lik ve Spor Bayram\u0131m\u0131z\u0131n kutlu olmas\u0131n\u0131 diliyor, gazilerimizi ve \u015fehitlerimizi bir kez daha minnet, \u015f\u00fckran ve rahmetle an\u0131yoruz\u201d ifadesini kulland\u0131.<\/p>\n","protected":false},"excerpt":{"rendered":"<p>BORSA MECL\u0130S BA\u015eKANI KAYA: \u201c19 MAYIS, T\u00dcRK M\u0130LLET\u0130 \u0130\u00c7\u0130N UMUDUN YE\u015eERD\u0130\u011e\u0130 G\u00dcND\u00dcR\u201d Ticaret Borsas\u0131 Meclis Ba\u015fkan\u0131 Murat Kaya, 19 May\u0131s\u2019\u0131n i\u015fgal g\u00fc\u00e7lerine kar\u015f\u0131, Kurtulu\u015f Sava\u015f\u0131\u2019n\u0131n ba\u015flang\u0131\u00e7 g\u00fcn\u00fc olarak tarihte b\u00fcy\u00fck bir \u00f6neme sahip oldu\u011fu s\u00f6yledi. Meclis Ba\u015fkan\u0131 Kaya, 19 May\u0131s Atat\u00fcrk\u2019\u00fc Anma, Gen\u00e7lik ve Spor Bayram\u0131 dolay\u0131s\u0131yla yapt\u0131\u011f\u0131 a\u00e7\u0131klamas\u0131nda, \u201cBa\u011f\u0131ms\u0131zl\u0131k m\u00fccadelesinin ate\u015finin yak\u0131ld\u0131\u011f\u0131 g\u00fcn olan [&hellip;]<\/p>\n","protected":false},"author":1,"featured_media":4122,"comment_status":"open","ping_status":"open","sticky":false,"template":"","format":"standard","meta":{"footnotes":""},"categories":[2],"tags":[],"ppma_author":[14],"class_list":["post-4640","post","type-post","status-publish","format-standard","has-post-thumbnail","hentry","category-guncel"],"authors":[{"term_id":14,"user_id":1,"is_guest":0,"slug":"admin","display_name":"admin","avatar_url":{"url":"https:\/\/tarsusyenihaber.com\/wp-content\/uploads\/2024\/09\/2024tynhaber1-1.jpg","url2x":"https:\/\/tarsusyenihaber.com\/wp-content\/uploads\/2024\/09\/2024tynhaber1-1.jpg"},"1":"","2":"","3":"","4":"","5":"","6":"","7":"","8":""}],"_links":{"self":[{"href":"https:\/\/tarsusyenihaber.com\/index.php\/wp-json\/wp\/v2\/posts\/4640"}],"collection":[{"href":"https:\/\/tarsusyenihaber.com\/index.php\/wp-json\/wp\/v2\/posts"}],"about":[{"href":"https:\/\/tarsusyenihaber.com\/index.php\/wp-json\/wp\/v2\/types\/post"}],"author":[{"embeddable":true,"href":"https:\/\/tarsusyenihaber.com\/index.php\/wp-json\/wp\/v2\/users\/1"}],"replies":[{"embeddable":true,"href":"https:\/\/tarsusyenihaber.com\/index.php\/wp-json\/wp\/v2\/comments?post=4640"}],"version-history":[{"count":1,"href":"https:\/\/tarsusyenihaber.com\/index.php\/wp-json\/wp\/v2\/posts\/4640\/revisions"}],"predecessor-version":[{"id":4641,"href":"https:\/\/tarsusyenihaber.com\/index.php\/wp-json\/wp\/v2\/posts\/4640\/revisions\/4641"}],"wp:featuredmedia":[{"embeddable":true,"href":"https:\/\/tarsusyenihaber.com\/index.php\/wp-json\/wp\/v2\/media\/4122"}],"wp:attachment":[{"href":"https:\/\/tarsusyenihaber.com\/index.php\/wp-json\/wp\/v2\/media?parent=4640"}],"wp:term":[{"taxonomy":"category","embeddable":true,"href":"https:\/\/tarsusyenihaber.com\/index.php\/wp-json\/wp\/v2\/categories?post=4640"},{"taxonomy":"post_tag","embeddable":true,"href":"https:\/\/tarsusyenihaber.com\/index.php\/wp-json\/wp\/v2\/tags?post=4640"},{"taxonomy":"author","embeddable":true,"href":"https:\/\/tarsusyenihaber.com\/index.php\/wp-json\/wp\/v2\/ppma_author?post=4640"}],"curies":[{"name":"wp","href":"https:\/\/api.w.org\/{rel}","templated":true}]}}