{"id":4638,"date":"2025-05-18T08:13:00","date_gmt":"2025-05-18T05:13:00","guid":{"rendered":"https:\/\/tarsusyenihaber.com\/?p=4638"},"modified":"2025-05-16T09:10:43","modified_gmt":"2025-05-16T06:10:43","slug":"ticaret-borsasi-baskani-teke-tarimin-gelecegi-icin-genclere-cok-buyuk-gorevler-dusuyor","status":"publish","type":"post","link":"https:\/\/tarsusyenihaber.com\/index.php\/2025\/05\/18\/ticaret-borsasi-baskani-teke-tarimin-gelecegi-icin-genclere-cok-buyuk-gorevler-dusuyor\/","title":{"rendered":"T\u0130CARET BORSASI BA\u015eKANI TEKE: \u201cTARIMIN GELECE\u011e\u0130 \u0130\u00c7\u0130N GEN\u00c7LERE \u00c7OK B\u00dcY\u00dcK G\u00d6REVLER D\u00dc\u015e\u00dcYOR\u201d"},"content":{"rendered":"\n<p>T\u0130CARET BORSASI BA\u015eKANI TEKE: \u201cTARIMIN GELECE\u011e\u0130 \u0130\u00c7\u0130N GEN\u00c7LERE \u00c7OK B\u00dcY\u00dcK G\u00d6REVLER D\u00dc\u015e\u00dcYOR\u201d<\/p>\n\n\n\n<p>Ticaret Borsas\u0131 Y\u00f6netim Kurulu Ba\u015fkan\u0131 Mustafa Teke, \u0130stiklal m\u00fccadelesinin sembol\u00fc olan 19 May\u0131s\u2019\u0131n Atat\u00fcrk\u2019\u00fc Anma, Gen\u00e7lik ve Spor Bayram\u0131 olarak kutlanmas\u0131n\u0131n T\u00fcrk Milleti olarak gen\u00e7lerimize verdi\u011fimiz de\u011ferin en b\u00fcy\u00fck g\u00f6stergesi oldu\u011funu s\u00f6yledi.<\/p>\n\n\n\n<p>Borsa Ba\u015fkan\u0131 Teke, 19 May\u0131s Atat\u00fcrk Anma, Gen\u00e7lik ve Spor Bayram\u0131 dolay\u0131s\u0131yla yapt\u0131\u011f\u0131 a\u00e7\u0131klamas\u0131nda, Milli M\u00fccadele ruhunun gen\u00e7lerimizin deste\u011fi ile v\u00fccut buldu\u011funu ve g\u00fcn\u00fcm\u00fcze kadar onlar\u0131n omuzlar\u0131nda y\u00fckseldi\u011fini ifade eti.<\/p>\n\n\n\n<p>Tar\u0131m\u0131n ve \u00fcretimin de gen\u00e7lerin omuzlar\u0131nda y\u00fckselece\u011fini belirten Ba\u015fkan Teke, \u201cTar\u0131m\u0131n s\u00fcrd\u00fcr\u00fclebilirlili\u011fini istiyorsak gen\u00e7lerimizi tar\u0131ma y\u00f6nlendirmeliyiz. En temel beslenme ihtiyac\u0131m\u0131z\u0131 kar\u015f\u0131layan bu sekt\u00f6r\u00fcn devaml\u0131l\u0131\u011f\u0131 ve geli\u015fimi i\u00e7in gen\u00e7lerimize bu sekt\u00f6r\u00fcn \u00f6nemini anlatmal\u0131y\u0131z. K\u00fc\u00e7\u00fck ya\u015flardan itibaren \u00fcretmenin, kendine yetebilmenin g\u00fcc\u00fcn\u00fc ve de\u011ferini \u00f6\u011fretmeliyiz. Gen\u00e7 neslin enerjisi, bilgisi ve yenilik\u00e7i yakla\u015f\u0131m\u0131yla tar\u0131m sekt\u00f6r\u00fcnde ba\u015far\u0131l\u0131 i\u015flere imza atabilirler. Bu duygu ve d\u00fc\u015f\u00fcncelerle; Cumhuriyetimizin Kurucusu Gazi Mustafa Kemal Atat\u00fcrk&#8217;\u00fc, Kahraman silah arkada\u015flar\u0131n\u0131 ve bu vatan i\u00e7in canlar\u0131n\u0131 feda eden aziz \u015fehitlerimizi ve ebediyete intikal eden gazilerimizi rahmet, minnet ve \u015f\u00fckranla an\u0131yor,<\/p>\n\n\n\n<p>&nbsp;Gelece\u011fimizi emanet edece\u011fimiz, yar\u0131n\u0131n umudu gen\u00e7lerimizin de 19 May\u0131s Atat\u00fcrk\u2019\u00fc Anma, Gen\u00e7lik ve Spor Bayram\u0131n\u0131 kutluyor, sa\u011fl\u0131k ve ba\u015far\u0131lar diliyorum\u201d ifadesini kulland\u0131.<\/p>\n","protected":false},"excerpt":{"rendered":"<p>T\u0130CARET BORSASI BA\u015eKANI TEKE: \u201cTARIMIN GELECE\u011e\u0130 \u0130\u00c7\u0130N GEN\u00c7LERE \u00c7OK B\u00dcY\u00dcK G\u00d6REVLER D\u00dc\u015e\u00dcYOR\u201d Ticaret Borsas\u0131 Y\u00f6netim Kurulu Ba\u015fkan\u0131 Mustafa Teke, \u0130stiklal m\u00fccadelesinin sembol\u00fc olan 19 May\u0131s\u2019\u0131n Atat\u00fcrk\u2019\u00fc Anma, Gen\u00e7lik ve Spor Bayram\u0131 olarak kutlanmas\u0131n\u0131n T\u00fcrk Milleti olarak gen\u00e7lerimize verdi\u011fimiz de\u011ferin en b\u00fcy\u00fck g\u00f6stergesi oldu\u011funu s\u00f6yledi. Borsa Ba\u015fkan\u0131 Teke, 19 May\u0131s Atat\u00fcrk Anma, Gen\u00e7lik ve Spor Bayram\u0131 [&hellip;]<\/p>\n","protected":false},"author":1,"featured_media":4118,"comment_status":"open","ping_status":"open","sticky":false,"template":"","format":"standard","meta":{"footnotes":""},"categories":[2],"tags":[],"ppma_author":[14],"class_list":["post-4638","post","type-post","status-publish","format-standard","has-post-thumbnail","hentry","category-guncel"],"authors":[{"term_id":14,"user_id":1,"is_guest":0,"slug":"admin","display_name":"admin","avatar_url":{"url":"https:\/\/tarsusyenihaber.com\/wp-content\/uploads\/2024\/09\/2024tynhaber1-1.jpg","url2x":"https:\/\/tarsusyenihaber.com\/wp-content\/uploads\/2024\/09\/2024tynhaber1-1.jpg"},"1":"","2":"","3":"","4":"","5":"","6":"","7":"","8":""}],"_links":{"self":[{"href":"https:\/\/tarsusyenihaber.com\/index.php\/wp-json\/wp\/v2\/posts\/4638"}],"collection":[{"href":"https:\/\/tarsusyenihaber.com\/index.php\/wp-json\/wp\/v2\/posts"}],"about":[{"href":"https:\/\/tarsusyenihaber.com\/index.php\/wp-json\/wp\/v2\/types\/post"}],"author":[{"embeddable":true,"href":"https:\/\/tarsusyenihaber.com\/index.php\/wp-json\/wp\/v2\/users\/1"}],"replies":[{"embeddable":true,"href":"https:\/\/tarsusyenihaber.com\/index.php\/wp-json\/wp\/v2\/comments?post=4638"}],"version-history":[{"count":1,"href":"https:\/\/tarsusyenihaber.com\/index.php\/wp-json\/wp\/v2\/posts\/4638\/revisions"}],"predecessor-version":[{"id":4639,"href":"https:\/\/tarsusyenihaber.com\/index.php\/wp-json\/wp\/v2\/posts\/4638\/revisions\/4639"}],"wp:featuredmedia":[{"embeddable":true,"href":"https:\/\/tarsusyenihaber.com\/index.php\/wp-json\/wp\/v2\/media\/4118"}],"wp:attachment":[{"href":"https:\/\/tarsusyenihaber.com\/index.php\/wp-json\/wp\/v2\/media?parent=4638"}],"wp:term":[{"taxonomy":"category","embeddable":true,"href":"https:\/\/tarsusyenihaber.com\/index.php\/wp-json\/wp\/v2\/categories?post=4638"},{"taxonomy":"post_tag","embeddable":true,"href":"https:\/\/tarsusyenihaber.com\/index.php\/wp-json\/wp\/v2\/tags?post=4638"},{"taxonomy":"author","embeddable":true,"href":"https:\/\/tarsusyenihaber.com\/index.php\/wp-json\/wp\/v2\/ppma_author?post=4638"}],"curies":[{"name":"wp","href":"https:\/\/api.w.org\/{rel}","templated":true}]}}