{"id":4636,"date":"2025-05-16T08:12:55","date_gmt":"2025-05-16T05:12:55","guid":{"rendered":"https:\/\/tarsusyenihaber.com\/?p=4636"},"modified":"2025-05-16T08:12:56","modified_gmt":"2025-05-16T05:12:56","slug":"camliyayla-belediye-baskani-sofu-canli-yayinda-sorulari-cevapladi","status":"publish","type":"post","link":"https:\/\/tarsusyenihaber.com\/index.php\/2025\/05\/16\/camliyayla-belediye-baskani-sofu-canli-yayinda-sorulari-cevapladi\/","title":{"rendered":"\u00c7AMLIYAYLA BELED\u0130YE BA\u015eKANI SOFU, CANLI YAYINDA SORULARI CEVAPLADI"},"content":{"rendered":"\n<p>\u00c7AMLIYAYLA BELED\u0130YE BA\u015eKANI SOFU, CANLI YAYINDA SORULARI CEVAPLADI<\/p>\n\n\n\n<p>\u00c7aml\u0131yayla Belediye Ba\u015fkan\u0131 Mehmet Fatih Sofu, g\u00f6reve geldi\u011fi ilk g\u00fcnden bug\u00fcne kadar yapt\u0131\u011f\u0131 hizmetler ve icraatlar hakk\u0131nda bilgiler verdi.<\/p>\n\n\n\n<p>Tarsus Yeni Haber portal\u0131 ile Mersin Ceride Haber portal\u0131n\u0131n canl\u0131 yay\u0131n konu\u011fu olan Ba\u015fkan Sofu, bilinmeyen ve merak edilen sorulara tek tek cevap verdi.<\/p>\n\n\n\n<p>Yakla\u015f\u0131k bir saat s\u00fcren canl\u0131 yay\u0131n s\u0131ras\u0131nda g\u00f6r\u00fcnt\u00fc kirlili\u011finden, kentsel d\u00f6n\u00fc\u015f\u00fcm konusu,<\/p>\n\n\n\n<figure class=\"wp-block-image size-large\"><img loading=\"lazy\" decoding=\"async\" width=\"1024\" height=\"472\" src=\"http:\/\/tarsusyenihaber.com\/wp-content\/uploads\/2025\/05\/CAMLIYAYLA-BELEDIYE-BASKANI-SOFU-1024x472.jpg\" alt=\"\" class=\"wp-image-4624\" srcset=\"https:\/\/tarsusyenihaber.com\/wp-content\/uploads\/2025\/05\/CAMLIYAYLA-BELEDIYE-BASKANI-SOFU-1024x472.jpg 1024w, https:\/\/tarsusyenihaber.com\/wp-content\/uploads\/2025\/05\/CAMLIYAYLA-BELEDIYE-BASKANI-SOFU-300x138.jpg 300w, https:\/\/tarsusyenihaber.com\/wp-content\/uploads\/2025\/05\/CAMLIYAYLA-BELEDIYE-BASKANI-SOFU-768x354.jpg 768w, https:\/\/tarsusyenihaber.com\/wp-content\/uploads\/2025\/05\/CAMLIYAYLA-BELEDIYE-BASKANI-SOFU-1536x708.jpg 1536w, https:\/\/tarsusyenihaber.com\/wp-content\/uploads\/2025\/05\/CAMLIYAYLA-BELEDIYE-BASKANI-SOFU-2048x944.jpg 2048w\" sizes=\"(max-width: 1024px) 100vw, 1024px\" \/><\/figure>\n\n\n\n<p>Zevzek Tepesi\u2019nde devan eden proje, k\u0131rsal turizmi kalk\u0131nd\u0131rma konusunda ne gibi \u00e7al\u0131\u015fmalar ba\u015flatt\u0131klar\u0131, ka\u00e7ak yap\u0131la\u015fma ile ilgili m\u00fccadele, k\u0131rsal mahallelerin sorunlar\u0131, \u00c7aml\u0131yayla\u2019ya kazand\u0131rmak istedikleri Y\u00fcksekokul konusunda gelinen son durum gibi sorular\u0131m\u0131za samimi bir \u015fekilde cevap veren Belediye Ba\u015fkan\u0131 Sofu, Kulako\u011flu A\u015fevi ve Evde Sa\u011fl\u0131k Hizmeti ile ilgili de a\u00e7\u0131klamalarda bulundu.<\/p>\n\n\n\n<p>T\u00fcrkiye\u2019nin \u00e7e\u015fitli b\u00f6lgelerinden de izlenen canl\u0131 yay\u0131n sonras\u0131 \u00c7aml\u0131yayla Belediye Ba\u015fkan\u0131 Mehmet Fatih Sofu, Tarsus Yeni Haber portal\u0131 sahibi \u015eahin Turgut ve Mersin Ceride Haber sahibi Onur Balc\u0131\u2019ya te\u015fekk\u00fcr ederek, yay\u0131n hayat\u0131m\u0131zda ba\u015far\u0131 dileklerinde bulundu.<\/p>\n","protected":false},"excerpt":{"rendered":"<p>\u00c7AMLIYAYLA BELED\u0130YE BA\u015eKANI SOFU, CANLI YAYINDA SORULARI CEVAPLADI \u00c7aml\u0131yayla Belediye Ba\u015fkan\u0131 Mehmet Fatih Sofu, g\u00f6reve geldi\u011fi ilk g\u00fcnden bug\u00fcne kadar yapt\u0131\u011f\u0131 hizmetler ve icraatlar hakk\u0131nda bilgiler verdi. Tarsus Yeni Haber portal\u0131 ile Mersin Ceride Haber portal\u0131n\u0131n canl\u0131 yay\u0131n konu\u011fu olan Ba\u015fkan Sofu, bilinmeyen ve merak edilen sorulara tek tek cevap verdi. Yakla\u015f\u0131k bir saat s\u00fcren [&hellip;]<\/p>\n","protected":false},"author":1,"featured_media":4624,"comment_status":"open","ping_status":"open","sticky":false,"template":"","format":"standard","meta":{"footnotes":""},"categories":[2],"tags":[],"ppma_author":[14],"class_list":["post-4636","post","type-post","status-publish","format-standard","has-post-thumbnail","hentry","category-guncel"],"authors":[{"term_id":14,"user_id":1,"is_guest":0,"slug":"admin","display_name":"admin","avatar_url":{"url":"https:\/\/tarsusyenihaber.com\/wp-content\/uploads\/2024\/09\/2024tynhaber1-1.jpg","url2x":"https:\/\/tarsusyenihaber.com\/wp-content\/uploads\/2024\/09\/2024tynhaber1-1.jpg"},"1":"","2":"","3":"","4":"","5":"","6":"","7":"","8":""}],"_links":{"self":[{"href":"https:\/\/tarsusyenihaber.com\/index.php\/wp-json\/wp\/v2\/posts\/4636"}],"collection":[{"href":"https:\/\/tarsusyenihaber.com\/index.php\/wp-json\/wp\/v2\/posts"}],"about":[{"href":"https:\/\/tarsusyenihaber.com\/index.php\/wp-json\/wp\/v2\/types\/post"}],"author":[{"embeddable":true,"href":"https:\/\/tarsusyenihaber.com\/index.php\/wp-json\/wp\/v2\/users\/1"}],"replies":[{"embeddable":true,"href":"https:\/\/tarsusyenihaber.com\/index.php\/wp-json\/wp\/v2\/comments?post=4636"}],"version-history":[{"count":1,"href":"https:\/\/tarsusyenihaber.com\/index.php\/wp-json\/wp\/v2\/posts\/4636\/revisions"}],"predecessor-version":[{"id":4637,"href":"https:\/\/tarsusyenihaber.com\/index.php\/wp-json\/wp\/v2\/posts\/4636\/revisions\/4637"}],"wp:featuredmedia":[{"embeddable":true,"href":"https:\/\/tarsusyenihaber.com\/index.php\/wp-json\/wp\/v2\/media\/4624"}],"wp:attachment":[{"href":"https:\/\/tarsusyenihaber.com\/index.php\/wp-json\/wp\/v2\/media?parent=4636"}],"wp:term":[{"taxonomy":"category","embeddable":true,"href":"https:\/\/tarsusyenihaber.com\/index.php\/wp-json\/wp\/v2\/categories?post=4636"},{"taxonomy":"post_tag","embeddable":true,"href":"https:\/\/tarsusyenihaber.com\/index.php\/wp-json\/wp\/v2\/tags?post=4636"},{"taxonomy":"author","embeddable":true,"href":"https:\/\/tarsusyenihaber.com\/index.php\/wp-json\/wp\/v2\/ppma_author?post=4636"}],"curies":[{"name":"wp","href":"https:\/\/api.w.org\/{rel}","templated":true}]}}