{"id":4634,"date":"2025-05-16T08:12:02","date_gmt":"2025-05-16T05:12:02","guid":{"rendered":"https:\/\/tarsusyenihaber.com\/?p=4634"},"modified":"2025-05-16T08:12:03","modified_gmt":"2025-05-16T05:12:03","slug":"tso-meslek-komite-baskanlari-istisare-toplantisi-gardenkoala-ev-sahipliginde-gerceklestirildi","status":"publish","type":"post","link":"https:\/\/tarsusyenihaber.com\/index.php\/2025\/05\/16\/tso-meslek-komite-baskanlari-istisare-toplantisi-gardenkoala-ev-sahipliginde-gerceklestirildi\/","title":{"rendered":"TSO MESLEK KOM\u0130TE BA\u015eKANLARI \u0130ST\u0130\u015eARE TOPLANTISI, GARDENKOALA EV SAH\u0130PL\u0130\u011e\u0130NDE GER\u00c7EKLE\u015eT\u0130R\u0130LD\u0130"},"content":{"rendered":"\n<p>TSO MESLEK KOM\u0130TE BA\u015eKANLARI \u0130ST\u0130\u015eARE TOPLANTISI, GARDENKOALA EV SAH\u0130PL\u0130\u011e\u0130NDE GER\u00c7EKLE\u015eT\u0130R\u0130LD\u0130<\/p>\n\n\n\n<p>Tarsus Ticaret ve Sanayi Odas\u0131, Meslek Komite Ba\u015fkanlar\u0131 \u0130sti\u015fare Toplant\u0131s\u0131\u2019n\u0131 14 May\u0131s D\u00fcnya \u00c7ift\u00e7iler G\u00fcn\u00fc\u2019nde, tar\u0131m ve s\u00fcs bitkileri sekt\u00f6r\u00fcnde \u00fclkemizin \u00f6nc\u00fc kurulu\u015flar\u0131ndan biri olan Gardenkoala\u2019n\u0131n ev sahipli\u011finde ger\u00e7ekle\u015ftirdi.<\/p>\n\n\n\n<p>TSO Y\u00f6netim Kurulu Ba\u015fkan\u0131 H. Ruhi Ko\u00e7ak\u2019\u0131n ba\u015fkanl\u0131\u011f\u0131nda d\u00fczenlenen toplant\u0131ya, Odam\u0131z Meslek Komitesi Ba\u015fkanlar\u0131 kat\u0131l\u0131m sa\u011flad\u0131. 1. Meslek Komitesi Ba\u015fkan\u0131 Ahmet Fatih \u00c7i\u00e7ek\u2019in i\u015fletmecili\u011fini yapt\u0131\u011f\u0131 Gardenkoala firmas\u0131nda ger\u00e7ekle\u015fen bulu\u015fma, ayn\u0131 zamanda \u00fcretimin, eme\u011fin ve \u00e7ift\u00e7ilerimizin k\u0131ymetinin daha da vurguland\u0131\u011f\u0131 anlaml\u0131 bir tarihte organize edilerek tar\u0131m sekt\u00f6r\u00fcn\u00fcn \u00f6nemine dikkat \u00e7ekildi.<\/p>\n\n\n\n<p>Toplant\u0131da, her komite ba\u015fkan\u0131 kendi sekt\u00f6r\u00fcne dair g\u00fcncel geli\u015fmeleri kapsaml\u0131 bir \u015fekilde de\u011ferlendirerek, sahadan gelen geri bildirimler do\u011frultusunda ya\u015fanan temel sorunlar\u0131 ve bunlara y\u00f6nelik \u00e7\u00f6z\u00fcm \u00f6nerilerini payla\u015ft\u0131.<\/p>\n\n\n\n<p>\u201cSahalar\u0131m\u0131z\u0131n Nabz\u0131 Meslek<\/p>\n\n\n\n<p>Komitelerimizde At\u0131yor\u201d<\/p>\n\n\n\n<p>Toplant\u0131n\u0131n a\u00e7\u0131l\u0131\u015f\u0131nda konu\u015fan Tarsus TSO Y\u00f6netim Kurulu Ba\u015fkan\u0131 H. Ruhi Ko\u00e7ak, meslek komitelerinin oda yap\u0131s\u0131 i\u00e7erisindeki \u00f6nemine dikkat \u00e7ekerek \u015fu ifadelere yer verdi:<\/p>\n\n\n\n<p>\u201cOdam\u0131z\u0131n en dinamik yap\u0131 ta\u015flar\u0131n\u0131 olu\u015fturan meslek komitelerimiz, sahadaki nabz\u0131 tutan, \u00fcyelerimizin sesi olan ve sekt\u00f6rel geli\u015fmelerin do\u011frudan yans\u0131d\u0131\u011f\u0131 yap\u0131lar\u0131n ba\u015f\u0131nda geliyor. Her komitemiz, temsil etti\u011fi sekt\u00f6r\u00fcn sorunlar\u0131n\u0131 en yak\u0131ndan bilen, do\u011frudan sahadan beslenen bir yap\u0131ya sahip. Bu anlamda, buradan \u00e7\u0131kacak her \u00f6neri ve tespit bizim i\u00e7in \u00e7ok k\u0131ymetli.&#8221;<\/p>\n\n\n\n<p>Ba\u015fkan Ko\u00e7ak konu\u015fmas\u0131nda, sekt\u00f6rler aras\u0131 i\u015f birli\u011finin g\u00fc\u00e7lendirilmesi, ortak projelerle sinerji yarat\u0131lmas\u0131 ve komiteler aras\u0131 koordinasyonun art\u0131r\u0131lmas\u0131 y\u00f6n\u00fcndeki konulara de\u011finerek, bu kapsamda yap\u0131lacak \u00e7al\u0131\u015fmalardan da bahsetti.<\/p>\n\n\n\n<p>Ayr\u0131ca Gardenkoala firmas\u0131na te\u015fekk\u00fcrlerini ileten Ko\u00e7ak, s\u00f6zlerini \u015fu \u015fekilde tamamlad\u0131:<\/p>\n\n\n\n<p>\u201cBu bulu\u015fmaya ev sahipli\u011fi yapan, sadece Tarsus\u2019un de\u011fil, T\u00fcrkiye\u2019nin s\u00fcs bitkileri \u00fcretiminde \u00f6rnek g\u00f6sterilen firmalar\u0131ndan biri olan Gardenkoala ailesine te\u015fekk\u00fcr ediyorum. Y\u00fcksek teknoloji yat\u0131r\u0131mlar\u0131, istihdama verdikleri \u00f6nem ve ihracat potansiyelleriyle<\/p>\n\n\n\n<p>b\u00f6lgemizin y\u00fcz ak\u0131 konumundalar. Bug\u00fcn burada olmam\u0131z, sadece bir toplant\u0131 de\u011fil, ayn\u0131 zamanda \u00fcretim k\u00fclt\u00fcr\u00fcne, ortak akla ve kurumsal dayan\u0131\u015fmaya verilen \u00f6nemin de bir g\u00f6stergesidir.\u201d<\/p>\n\n\n\n<p>TSO Ba\u015fkan\u0131 Ko\u00e7ak, toplant\u0131 sonras\u0131nda Gardenkoala firmas\u0131na nazik ev sahiplikleri ve b\u00f6lge ekonomisine, tar\u0131m\u0131na ve istihdam\u0131na sa\u011flad\u0131klar\u0131 katk\u0131lar dolay\u0131s\u0131yla te\u015fekk\u00fcr belgesi takdim etti.<\/p>\n","protected":false},"excerpt":{"rendered":"<p>TSO MESLEK KOM\u0130TE BA\u015eKANLARI \u0130ST\u0130\u015eARE TOPLANTISI, GARDENKOALA EV SAH\u0130PL\u0130\u011e\u0130NDE GER\u00c7EKLE\u015eT\u0130R\u0130LD\u0130 Tarsus Ticaret ve Sanayi Odas\u0131, Meslek Komite Ba\u015fkanlar\u0131 \u0130sti\u015fare Toplant\u0131s\u0131\u2019n\u0131 14 May\u0131s D\u00fcnya \u00c7ift\u00e7iler G\u00fcn\u00fc\u2019nde, tar\u0131m ve s\u00fcs bitkileri sekt\u00f6r\u00fcnde \u00fclkemizin \u00f6nc\u00fc kurulu\u015flar\u0131ndan biri olan Gardenkoala\u2019n\u0131n ev sahipli\u011finde ger\u00e7ekle\u015ftirdi. TSO Y\u00f6netim Kurulu Ba\u015fkan\u0131 H. Ruhi Ko\u00e7ak\u2019\u0131n ba\u015fkanl\u0131\u011f\u0131nda d\u00fczenlenen toplant\u0131ya, Odam\u0131z Meslek Komitesi Ba\u015fkanlar\u0131 kat\u0131l\u0131m sa\u011flad\u0131. [&hellip;]<\/p>\n","protected":false},"author":1,"featured_media":4623,"comment_status":"open","ping_status":"open","sticky":false,"template":"","format":"standard","meta":{"footnotes":""},"categories":[2],"tags":[],"ppma_author":[14],"class_list":["post-4634","post","type-post","status-publish","format-standard","has-post-thumbnail","hentry","category-guncel"],"authors":[{"term_id":14,"user_id":1,"is_guest":0,"slug":"admin","display_name":"admin","avatar_url":{"url":"https:\/\/tarsusyenihaber.com\/wp-content\/uploads\/2024\/09\/2024tynhaber1-1.jpg","url2x":"https:\/\/tarsusyenihaber.com\/wp-content\/uploads\/2024\/09\/2024tynhaber1-1.jpg"},"1":"","2":"","3":"","4":"","5":"","6":"","7":"","8":""}],"_links":{"self":[{"href":"https:\/\/tarsusyenihaber.com\/index.php\/wp-json\/wp\/v2\/posts\/4634"}],"collection":[{"href":"https:\/\/tarsusyenihaber.com\/index.php\/wp-json\/wp\/v2\/posts"}],"about":[{"href":"https:\/\/tarsusyenihaber.com\/index.php\/wp-json\/wp\/v2\/types\/post"}],"author":[{"embeddable":true,"href":"https:\/\/tarsusyenihaber.com\/index.php\/wp-json\/wp\/v2\/users\/1"}],"replies":[{"embeddable":true,"href":"https:\/\/tarsusyenihaber.com\/index.php\/wp-json\/wp\/v2\/comments?post=4634"}],"version-history":[{"count":1,"href":"https:\/\/tarsusyenihaber.com\/index.php\/wp-json\/wp\/v2\/posts\/4634\/revisions"}],"predecessor-version":[{"id":4635,"href":"https:\/\/tarsusyenihaber.com\/index.php\/wp-json\/wp\/v2\/posts\/4634\/revisions\/4635"}],"wp:featuredmedia":[{"embeddable":true,"href":"https:\/\/tarsusyenihaber.com\/index.php\/wp-json\/wp\/v2\/media\/4623"}],"wp:attachment":[{"href":"https:\/\/tarsusyenihaber.com\/index.php\/wp-json\/wp\/v2\/media?parent=4634"}],"wp:term":[{"taxonomy":"category","embeddable":true,"href":"https:\/\/tarsusyenihaber.com\/index.php\/wp-json\/wp\/v2\/categories?post=4634"},{"taxonomy":"post_tag","embeddable":true,"href":"https:\/\/tarsusyenihaber.com\/index.php\/wp-json\/wp\/v2\/tags?post=4634"},{"taxonomy":"author","embeddable":true,"href":"https:\/\/tarsusyenihaber.com\/index.php\/wp-json\/wp\/v2\/ppma_author?post=4634"}],"curies":[{"name":"wp","href":"https:\/\/api.w.org\/{rel}","templated":true}]}}