{"id":4632,"date":"2025-05-16T08:10:43","date_gmt":"2025-05-16T05:10:43","guid":{"rendered":"https:\/\/tarsusyenihaber.com\/?p=4632"},"modified":"2025-05-16T08:10:44","modified_gmt":"2025-05-16T05:10:44","slug":"imran-okumustan-tso-baskani-kocaka-ziyaret","status":"publish","type":"post","link":"https:\/\/tarsusyenihaber.com\/index.php\/2025\/05\/16\/imran-okumustan-tso-baskani-kocaka-ziyaret\/","title":{"rendered":"\u0130MRAN OKUMU\u015e\u2019TAN, TSO BA\u015eKANI KO\u00c7AK\u2019A Z\u0130YARET"},"content":{"rendered":"\n<p>\u0130MRAN OKUMU\u015e\u2019TAN, TSO BA\u015eKANI KO\u00c7AK\u2019A Z\u0130YARET<\/p>\n\n\n\n<p>Petrol \u00dcr\u00fcnleri \u0130\u015fverenler Sendikas\u0131 (P\u00dc\u0130S) Genel Ba\u015fkan\u0131 \u0130mran Okumu\u015f ve beraberindeki heyet, P\u00dc\u0130S Mersin \u015eubesi\u2019nin 21. Ola\u011fan Genel Kurul toplant\u0131s\u0131 \u00f6ncesinde Tarsus Ticaret ve Sanayi Odas\u0131 (TSO) Y\u00f6netim Kurulu Ba\u015fkan\u0131 H. Ruhi Ko\u00e7ak\u2019\u0131 ziyaret etti.<\/p>\n\n\n\n<p>Ziyarette sekt\u00f6re dair de\u011ferlendirmeler yap\u0131l\u0131rken, Ba\u015fkan Ko\u00e7ak taraf\u0131ndan P\u00dc\u0130S Genel Ba\u015fkan\u0131 \u0130mran Okumu\u015f\u2019a g\u00fcn\u00fcn an\u0131s\u0131na plaket takdim edildi.<\/p>\n\n\n\n<p>Ard\u0131ndan, P\u00dc\u0130S Mersin B\u00f6lge Ba\u015fkanl\u0131\u011f\u0131\u2019n\u0131n 21. Ola\u011fan Genel Kurul Toplant\u0131s\u0131 Tarsus TSO Konferans Salonu\u2019nda ger\u00e7ekle\u015ftirildi.<\/p>\n\n\n\n<p>Genel kurulda yap\u0131lan se\u00e7imde, Tarsus TSO Y\u00f6netim Kurulu \u00dcyesi ve 14. Meslek Komitesi \u00dcyesi Nihat K\u00fcrkl\u00fc, yeniden P\u00dc\u0130S Mersin \u015eube Ba\u015fkan\u0131 se\u00e7ildi.<\/p>\n","protected":false},"excerpt":{"rendered":"<p>\u0130MRAN OKUMU\u015e\u2019TAN, TSO BA\u015eKANI KO\u00c7AK\u2019A Z\u0130YARET Petrol \u00dcr\u00fcnleri \u0130\u015fverenler Sendikas\u0131 (P\u00dc\u0130S) Genel Ba\u015fkan\u0131 \u0130mran Okumu\u015f ve beraberindeki heyet, P\u00dc\u0130S Mersin \u015eubesi\u2019nin 21. Ola\u011fan Genel Kurul toplant\u0131s\u0131 \u00f6ncesinde Tarsus Ticaret ve Sanayi Odas\u0131 (TSO) Y\u00f6netim Kurulu Ba\u015fkan\u0131 H. Ruhi Ko\u00e7ak\u2019\u0131 ziyaret etti. Ziyarette sekt\u00f6re dair de\u011ferlendirmeler yap\u0131l\u0131rken, Ba\u015fkan Ko\u00e7ak taraf\u0131ndan P\u00dc\u0130S Genel Ba\u015fkan\u0131 \u0130mran Okumu\u015f\u2019a g\u00fcn\u00fcn [&hellip;]<\/p>\n","protected":false},"author":1,"featured_media":4626,"comment_status":"open","ping_status":"open","sticky":false,"template":"","format":"standard","meta":{"footnotes":""},"categories":[2],"tags":[],"ppma_author":[14],"class_list":["post-4632","post","type-post","status-publish","format-standard","has-post-thumbnail","hentry","category-guncel"],"authors":[{"term_id":14,"user_id":1,"is_guest":0,"slug":"admin","display_name":"admin","avatar_url":{"url":"https:\/\/tarsusyenihaber.com\/wp-content\/uploads\/2024\/09\/2024tynhaber1-1.jpg","url2x":"https:\/\/tarsusyenihaber.com\/wp-content\/uploads\/2024\/09\/2024tynhaber1-1.jpg"},"1":"","2":"","3":"","4":"","5":"","6":"","7":"","8":""}],"_links":{"self":[{"href":"https:\/\/tarsusyenihaber.com\/index.php\/wp-json\/wp\/v2\/posts\/4632"}],"collection":[{"href":"https:\/\/tarsusyenihaber.com\/index.php\/wp-json\/wp\/v2\/posts"}],"about":[{"href":"https:\/\/tarsusyenihaber.com\/index.php\/wp-json\/wp\/v2\/types\/post"}],"author":[{"embeddable":true,"href":"https:\/\/tarsusyenihaber.com\/index.php\/wp-json\/wp\/v2\/users\/1"}],"replies":[{"embeddable":true,"href":"https:\/\/tarsusyenihaber.com\/index.php\/wp-json\/wp\/v2\/comments?post=4632"}],"version-history":[{"count":1,"href":"https:\/\/tarsusyenihaber.com\/index.php\/wp-json\/wp\/v2\/posts\/4632\/revisions"}],"predecessor-version":[{"id":4633,"href":"https:\/\/tarsusyenihaber.com\/index.php\/wp-json\/wp\/v2\/posts\/4632\/revisions\/4633"}],"wp:featuredmedia":[{"embeddable":true,"href":"https:\/\/tarsusyenihaber.com\/index.php\/wp-json\/wp\/v2\/media\/4626"}],"wp:attachment":[{"href":"https:\/\/tarsusyenihaber.com\/index.php\/wp-json\/wp\/v2\/media?parent=4632"}],"wp:term":[{"taxonomy":"category","embeddable":true,"href":"https:\/\/tarsusyenihaber.com\/index.php\/wp-json\/wp\/v2\/categories?post=4632"},{"taxonomy":"post_tag","embeddable":true,"href":"https:\/\/tarsusyenihaber.com\/index.php\/wp-json\/wp\/v2\/tags?post=4632"},{"taxonomy":"author","embeddable":true,"href":"https:\/\/tarsusyenihaber.com\/index.php\/wp-json\/wp\/v2\/ppma_author?post=4632"}],"curies":[{"name":"wp","href":"https:\/\/api.w.org\/{rel}","templated":true}]}}