{"id":4622,"date":"2025-05-16T08:07:45","date_gmt":"2025-05-16T05:07:45","guid":{"rendered":"https:\/\/tarsusyenihaber.com\/?p=4622"},"modified":"2025-05-16T08:07:45","modified_gmt":"2025-05-16T05:07:45","slug":"engelliler-haftasinda-engelsiz-iletisim-semineri","status":"publish","type":"post","link":"https:\/\/tarsusyenihaber.com\/index.php\/2025\/05\/16\/engelliler-haftasinda-engelsiz-iletisim-semineri\/","title":{"rendered":"ENGELL\u0130LER HAFTASI\u2019NDA, ENGELS\u0130Z \u0130LET\u0130\u015e\u0130M SEM\u0130NER\u0130"},"content":{"rendered":"\n<p>ENGELL\u0130LER HAFTASI\u2019NDA, ENGELS\u0130Z \u0130LET\u0130\u015e\u0130M SEM\u0130NER\u0130<\/p>\n\n\n\n<p>Tarsus \u00dcniversitesi Konferans Salonunda 10-16 May\u0131s Engelliler Haftas\u0131 dolay\u0131s\u0131yla engelsiz ileti\u015fim temas\u0131n\u0131 ta\u015f\u0131yan seminer d\u00fczenlendi. Tarsus \u00dcniversitesi Engelli \u00d6\u011frenciler Dan\u0131\u015fma ve Koordinasyon Birimi taraf\u0131ndan Bilgi ve \u0130leti\u015fim Ofisi i\u015f birli\u011fiyle ger\u00e7ekle\u015ftirilen seminerde, engelli bireylerin toplumsal hayata kat\u0131l\u0131m\u0131nda eri\u015filebilir ileti\u015fimin ve medya ara\u00e7lar\u0131n\u0131n rol\u00fc ele al\u0131nd\u0131.<\/p>\n\n\n\n<p>Engelli \u00d6\u011frenciler Dan\u0131\u015fma ve Koordinasyon Birimi Koordinat\u00f6r\u00fc Dr. \u00d6\u011fr. \u00dcyesi Nurel Ert\u00fcrk, program\u0131n a\u00e7\u0131\u015f konu\u015fmas\u0131nda, eri\u015filebilir ileti\u015fimin engelli bireylerin toplumsal ya\u015fama kat\u0131l\u0131m\u0131nda \u00f6nemli bir rol oynad\u0131\u011f\u0131n\u0131 vurgulad\u0131.<\/p>\n\n\n\n<p>D\u00fczenlenen seminerin bu alandaki fark\u0131ndal\u0131\u011f\u0131 art\u0131rmay\u0131 ama\u00e7lad\u0131\u011f\u0131n\u0131 ifade etti. Seminerde \u201cEri\u015filebilir Sosyal Medya, Engelsiz \u0130leti\u015fim\u201d ba\u015fl\u0131\u011f\u0131 ile sunum yapan \u00d6\u011fr. G\u00f6r. Banu Co\u015fkun ise d\u00fcnyada medya ve ileti\u015fim alan\u0131nda eri\u015filebilirlik konusunda yap\u0131lan \u00f6nc\u00fc \u00e7al\u0131\u015fmalardan \u00f6rnekler sundu. Ayr\u0131ca dijital medya ara\u00e7lar\u0131nda engelsiz i\u00e7erik \u00fcretiminin temel ilkelerini kat\u0131l\u0131mc\u0131larla payla\u015ft\u0131.<\/p>\n\n\n\n<p>Mersin Kent Konseyi Engelliler Meclisi Ba\u015fkan\u0131 olan ve ayn\u0131 zamanda Tarsus Engelliler Platformu Ba\u015fkanl\u0131\u011f\u0131 g\u00f6revini y\u00fcr\u00fcten Dursun Arslan da deneyim payla\u015f\u0131m\u0131yla, dinleyicilerle bulu\u015ftu. G\u00f6rme engelli olan Arslan konu\u015fmas\u0131nda, sosyal ya\u015famda ve \u00e7e\u015fitli alanlarda kar\u015f\u0131la\u015ft\u0131\u011f\u0131 eri\u015filebilirlik sorunlar\u0131na de\u011findi.<\/p>\n\n\n\n<p>Bu noktada eri\u015filebilir ve kapsay\u0131c\u0131 ileti\u015fimin ya\u015famsal \u00f6nemine dikkat \u00e7eken Arslan, geli\u015fen teknolojinin sundu\u011fu olanaklar sayesinde engellilerin ya\u015fam\u0131n\u0131 kolayla\u015ft\u0131ran medya uygulamalar\u0131ndan \u00f6rnekler verdi.<\/p>\n\n\n\n<p>Tarsus Engelliler Platformu E\u011fitimden Sorumlu Ba\u015fkan Yard\u0131mc\u0131s\u0131 Bedia Din\u00e7kuyucu da seminerde bir konu\u015fma ger\u00e7ekle\u015ftirdi, i\u015fitme engelli bireylerin e\u011fitim hayatlar\u0131nda kar\u015f\u0131la\u015ft\u0131klar\u0131 zorluklar\u0131 somut \u00f6rnekler \u00fczerinden dinleyicilerle payla\u015ft\u0131.<\/p>\n\n\n\n<p>\u0130\u015faret dilinin i\u015fitme engelli bireyler i\u00e7in hayati \u00f6nem ta\u015f\u0131d\u0131\u011f\u0131n\u0131 vurgulayan Din\u00e7kuyucu, bu bireylerin e\u011fitime etkin \u015fekilde kat\u0131labilmeleri i\u00e7in, kendilerini ifade edebilecekleri ve anlayabilecekleri ileti\u015fim ortamlar\u0131n\u0131n sa\u011flanmas\u0131 gerekti\u011fini belirtti.<\/p>\n\n\n\n<p>Engelliler Haftas\u0131 dolay\u0131s\u0131yla d\u00fczenlenen seminer, kat\u0131l\u0131mc\u0131lar\u0131n sorular\u0131 ve kar\u015f\u0131l\u0131kl\u0131 de\u011ferlendirmelerle sona erdi.<\/p>\n","protected":false},"excerpt":{"rendered":"<p>ENGELL\u0130LER HAFTASI\u2019NDA, ENGELS\u0130Z \u0130LET\u0130\u015e\u0130M SEM\u0130NER\u0130 Tarsus \u00dcniversitesi Konferans Salonunda 10-16 May\u0131s Engelliler Haftas\u0131 dolay\u0131s\u0131yla engelsiz ileti\u015fim temas\u0131n\u0131 ta\u015f\u0131yan seminer d\u00fczenlendi. Tarsus \u00dcniversitesi Engelli \u00d6\u011frenciler Dan\u0131\u015fma ve Koordinasyon Birimi taraf\u0131ndan Bilgi ve \u0130leti\u015fim Ofisi i\u015f birli\u011fiyle ger\u00e7ekle\u015ftirilen seminerde, engelli bireylerin toplumsal hayata kat\u0131l\u0131m\u0131nda eri\u015filebilir ileti\u015fimin ve medya ara\u00e7lar\u0131n\u0131n rol\u00fc ele al\u0131nd\u0131. Engelli \u00d6\u011frenciler Dan\u0131\u015fma ve Koordinasyon [&hellip;]<\/p>\n","protected":false},"author":1,"featured_media":4628,"comment_status":"open","ping_status":"open","sticky":false,"template":"","format":"standard","meta":{"footnotes":""},"categories":[2],"tags":[],"ppma_author":[14],"class_list":["post-4622","post","type-post","status-publish","format-standard","has-post-thumbnail","hentry","category-guncel"],"authors":[{"term_id":14,"user_id":1,"is_guest":0,"slug":"admin","display_name":"admin","avatar_url":{"url":"https:\/\/tarsusyenihaber.com\/wp-content\/uploads\/2024\/09\/2024tynhaber1-1.jpg","url2x":"https:\/\/tarsusyenihaber.com\/wp-content\/uploads\/2024\/09\/2024tynhaber1-1.jpg"},"1":"","2":"","3":"","4":"","5":"","6":"","7":"","8":""}],"_links":{"self":[{"href":"https:\/\/tarsusyenihaber.com\/index.php\/wp-json\/wp\/v2\/posts\/4622"}],"collection":[{"href":"https:\/\/tarsusyenihaber.com\/index.php\/wp-json\/wp\/v2\/posts"}],"about":[{"href":"https:\/\/tarsusyenihaber.com\/index.php\/wp-json\/wp\/v2\/types\/post"}],"author":[{"embeddable":true,"href":"https:\/\/tarsusyenihaber.com\/index.php\/wp-json\/wp\/v2\/users\/1"}],"replies":[{"embeddable":true,"href":"https:\/\/tarsusyenihaber.com\/index.php\/wp-json\/wp\/v2\/comments?post=4622"}],"version-history":[{"count":1,"href":"https:\/\/tarsusyenihaber.com\/index.php\/wp-json\/wp\/v2\/posts\/4622\/revisions"}],"predecessor-version":[{"id":4629,"href":"https:\/\/tarsusyenihaber.com\/index.php\/wp-json\/wp\/v2\/posts\/4622\/revisions\/4629"}],"wp:featuredmedia":[{"embeddable":true,"href":"https:\/\/tarsusyenihaber.com\/index.php\/wp-json\/wp\/v2\/media\/4628"}],"wp:attachment":[{"href":"https:\/\/tarsusyenihaber.com\/index.php\/wp-json\/wp\/v2\/media?parent=4622"}],"wp:term":[{"taxonomy":"category","embeddable":true,"href":"https:\/\/tarsusyenihaber.com\/index.php\/wp-json\/wp\/v2\/categories?post=4622"},{"taxonomy":"post_tag","embeddable":true,"href":"https:\/\/tarsusyenihaber.com\/index.php\/wp-json\/wp\/v2\/tags?post=4622"},{"taxonomy":"author","embeddable":true,"href":"https:\/\/tarsusyenihaber.com\/index.php\/wp-json\/wp\/v2\/ppma_author?post=4622"}],"curies":[{"name":"wp","href":"https:\/\/api.w.org\/{rel}","templated":true}]}}