{"id":4615,"date":"2025-05-15T15:05:15","date_gmt":"2025-05-15T12:05:15","guid":{"rendered":"https:\/\/tarsusyenihaber.com\/?p=4615"},"modified":"2025-05-15T15:05:16","modified_gmt":"2025-05-15T12:05:16","slug":"tarsus-ticaret-borsasi-baskani-teke-iklim-degisikligi-en-cok-tarim-sektorunu-etkilemistir","status":"publish","type":"post","link":"https:\/\/tarsusyenihaber.com\/index.php\/2025\/05\/15\/tarsus-ticaret-borsasi-baskani-teke-iklim-degisikligi-en-cok-tarim-sektorunu-etkilemistir\/","title":{"rendered":"TARSUS T\u0130CARET BORSASI BA\u015eKANI TEKE: \u201c\u0130KL\u0130M DE\u011e\u0130\u015e\u0130KL\u0130\u011e\u0130 EN \u00c7OK TARIM SEKT\u00d6R\u00dcN\u00dc ETK\u0130LEM\u0130\u015eT\u0130R\u201d"},"content":{"rendered":"\n<p>TARSUS T\u0130CARET BORSASI BA\u015eKANI TEKE: \u201c\u0130KL\u0130M DE\u011e\u0130\u015e\u0130KL\u0130\u011e\u0130 EN \u00c7OK TARIM SEKT\u00d6R\u00dcN\u00dc ETK\u0130LEM\u0130\u015eT\u0130R\u201d<\/p>\n\n\n\n<p>Ticaret Borsas\u0131 Y\u00f6netim Kurlu Ba\u015fkan\u0131 Mustafa Teke, ba\u015fta b\u00f6lgemiz olmak \u00fczere T\u00fcrkiye genelinde etkili olan zirai don ve dolu ya\u011f\u0131\u015f\u0131n\u0131n en \u00e7ok tar\u0131m sekt\u00f6r\u00fcn\u00fc etkiledi\u011fini s\u00f6yledi.<\/p>\n\n\n\n<p>Tarsus Ticaret Borsas\u0131 Y\u00f6netim Kurulu, haftal\u0131k ola\u011fan toplant\u0131s\u0131n\u0131 Y\u00f6netim Kurulu Ba\u015fkan\u0131 Teke ba\u015fkanl\u0131\u011f\u0131nda ger\u00e7ekle\u015ftirdi.<\/p>\n\n\n\n<p>Borsa Ba\u015fkan\u0131 Teke, g\u00fcndemdeki konular\u0131n ele al\u0131nd\u0131\u011f\u0131 toplant\u0131da, 14 May\u0131s D\u00fcnya \u00c7ift\u00e7iler G\u00fcn\u00fc\u2019n\u00fc kutlayarak, eli toprak kokan, a\u011fa\u00e7 kokan \u00e7ift\u00e7iyi bu tarlada, bu bah\u00e7ede tutacaksak, tar\u0131m\u0131n mutlaka desteklenmesi gerekti\u011fini dile getirdi.<\/p>\n\n\n\n<p>\u201cTar\u0131m\u0131n gen\u00e7le\u015ftirilmesi i\u00e7in \u00e7ift\u00e7inin \u00e7ocuklar\u0131n\u0131n da para kazanmas\u0131 laz\u0131m\u201d diyen Ba\u015fkan Teke, \u201cBen \u00f6ncelikle tar\u0131mda aile i\u015fletmecili\u011finin \u00f6nemli oldu\u011funu bir kez daha belirtmek isterim. Bug\u00fcn bir imalat\u00e7\u0131 veya bir sanayici kazanm\u0131yorsa hemen \u00fcretimi durdurur, ama \u00e7ift\u00e7i kazanamasa bile \u00fcretimine devam eder. \u00c7\u00fcnk\u00fc yapabilece\u011fi ba\u015fka \u015fey yoktur\u201d dedi.<\/p>\n\n\n\n<p>Cumhuriyetin ilk y\u0131llar\u0131ndan \u00f6rneklerde veren Borsa Ba\u015fkan\u0131 Mustafa Teke \u201cCumhuriyetin ilk y\u0131llar\u0131nda Osmanl\u0131n\u0131n borcu tar\u0131m \u00fcr\u00fcnleri sat\u0131larak \u00f6denmi\u015f, yat\u0131r\u0131mlar yine ayn\u0131 \u015fekilde yap\u0131lm\u0131\u015f. Bu \u00fclkenin \u00e7\u0131k\u0131\u015f yolu tar\u0131mda. Tar\u0131m bug\u00fcn de yar\u0131n da yar\u0131ndan sonra da laz\u0131m. \u00c7ift\u00e7i yoksa bu \u00fclke a\u00e7 kal\u0131r\u201d ifadesini kulland\u0131.<\/p>\n\n\n\n<p>\u00dclkemiz genelinde ya\u015fanan iklim de\u011fi\u015fikli\u011fi konusunda da d\u00fc\u015f\u00fcncelerini payla\u015fan Ba\u015fkan Teke \u201c\u0130klim de\u011fi\u015fikli\u011finin en \u00e7ok tar\u0131m sekt\u00f6r\u00fcn\u00fc etkiledi\u011fini, ani ya\u011fmur, sel, f\u0131rt\u0131na, dolu ile kar\u015f\u0131 kar\u015f\u0131ya kald\u0131k. Bunlarla ya\u015famaya al\u0131\u015fmal\u0131y\u0131z ama telafisi i\u00e7in sigorta sistemi gerekiyor. TARS\u0130M sigortas\u0131 yapmal\u0131y\u0131z ama sigortan\u0131n da yeniden dizayn edilmesi laz\u0131m. \u00d6deme \u015fartlar\u0131, zarar\u0131n kar\u015f\u0131lanmas\u0131nda sigorta sisteme daha kullan\u0131labilir olmal\u0131\u201d \u015feklinde s\u00f6zlerini tamamlad\u0131.<\/p>\n\n\n\n<p>VERG\u0130 S\u0130STEM\u0130 KONUSU<\/p>\n\n\n\n<p>Tarsus Ticaret Borsas\u0131 Y\u00f6netim Kurulu Ba\u015fkan Yard\u0131mc\u0131s\u0131 Kemal S\u00fcheyl Batmaz ise, vergi sistemimizin yeniden g\u00f6zden ge\u00e7irmesini, vergi sistemi ile ilgili adil ve s\u00fcrd\u00fcr\u00fclebilir bir yap\u0131 kazand\u0131r\u0131lmas\u0131 gerekti\u011fini dile getirdi.<\/p>\n\n\n\n<p>\u201c\u0130\u015fletmelerimizin rekabet g\u00fcc\u00fcn\u00fc vergi oranlar\u0131 zay\u0131flat\u0131yor\u201d diyen Kemal S\u00fcheyl Batmaz<\/p>\n\n\n\n<p>\u201cT\u00fcrkiye&#8217;de kay\u0131t d\u0131\u015f\u0131 ekonominin varl\u0131\u011f\u0131n\u0131n t\u00fcm kesimler taraf\u0131ndan kabul edilmeli. Kay\u0131t d\u0131\u015f\u0131, \u00fclke ekonomisinin geli\u015fiminin \u00f6n\u00fcndeki en b\u00fcy\u00fck engel. Kay\u0131t d\u0131\u015f\u0131n\u0131n oldu\u011fu ekonomide, kay\u0131tl\u0131 i\u015fletmeler rekabet g\u00fcc\u00fcn\u00fc kaybetmektedir. Kay\u0131t d\u0131\u015f\u0131 ad\u0131 \u00fcst\u00fcnde kay\u0131t d\u0131\u015f\u0131nda oldu\u011fu i\u00e7in ula\u015f\u0131lam\u0131yor. Vergi sistemimizin sadele\u015ftirilmesi, tek oranl\u0131 hale getirilmesi ve gelir da\u011f\u0131l\u0131m\u0131nda adaleti sa\u011flayacak \u015fekilde yeniden yap\u0131land\u0131r\u0131lmas\u0131, hem m\u00fckelleflerin y\u00fck\u00fcn\u00fc hafifletecek, hem de devletimizin gelirlerini art\u0131racakt\u0131r. Bizleri en \u00e7okta zora sokan vergi aflar\u0131. Vergi bir vatanda\u015fl\u0131k g\u00f6reviyse, af ya da denetim aras\u0131na s\u0131k\u0131\u015ft\u0131r\u0131lmamal\u0131, makul bir yap\u0131yla i\u015f d\u00fcnyas\u0131yla uyumlu hale getirilmelidir\u201d \u015feklinde konu\u015ftu.<\/p>\n","protected":false},"excerpt":{"rendered":"<p>TARSUS T\u0130CARET BORSASI BA\u015eKANI TEKE: \u201c\u0130KL\u0130M DE\u011e\u0130\u015e\u0130KL\u0130\u011e\u0130 EN \u00c7OK TARIM SEKT\u00d6R\u00dcN\u00dc ETK\u0130LEM\u0130\u015eT\u0130R\u201d Ticaret Borsas\u0131 Y\u00f6netim Kurlu Ba\u015fkan\u0131 Mustafa Teke, ba\u015fta b\u00f6lgemiz olmak \u00fczere T\u00fcrkiye genelinde etkili olan zirai don ve dolu ya\u011f\u0131\u015f\u0131n\u0131n en \u00e7ok tar\u0131m sekt\u00f6r\u00fcn\u00fc etkiledi\u011fini s\u00f6yledi. Tarsus Ticaret Borsas\u0131 Y\u00f6netim Kurulu, haftal\u0131k ola\u011fan toplant\u0131s\u0131n\u0131 Y\u00f6netim Kurulu Ba\u015fkan\u0131 Teke ba\u015fkanl\u0131\u011f\u0131nda ger\u00e7ekle\u015ftirdi. Borsa Ba\u015fkan\u0131 Teke, [&hellip;]<\/p>\n","protected":false},"author":1,"featured_media":4620,"comment_status":"open","ping_status":"open","sticky":false,"template":"","format":"standard","meta":{"footnotes":""},"categories":[2],"tags":[],"ppma_author":[14],"class_list":["post-4615","post","type-post","status-publish","format-standard","has-post-thumbnail","hentry","category-guncel"],"authors":[{"term_id":14,"user_id":1,"is_guest":0,"slug":"admin","display_name":"admin","avatar_url":{"url":"https:\/\/tarsusyenihaber.com\/wp-content\/uploads\/2024\/09\/2024tynhaber1-1.jpg","url2x":"https:\/\/tarsusyenihaber.com\/wp-content\/uploads\/2024\/09\/2024tynhaber1-1.jpg"},"1":"","2":"","3":"","4":"","5":"","6":"","7":"","8":""}],"_links":{"self":[{"href":"https:\/\/tarsusyenihaber.com\/index.php\/wp-json\/wp\/v2\/posts\/4615"}],"collection":[{"href":"https:\/\/tarsusyenihaber.com\/index.php\/wp-json\/wp\/v2\/posts"}],"about":[{"href":"https:\/\/tarsusyenihaber.com\/index.php\/wp-json\/wp\/v2\/types\/post"}],"author":[{"embeddable":true,"href":"https:\/\/tarsusyenihaber.com\/index.php\/wp-json\/wp\/v2\/users\/1"}],"replies":[{"embeddable":true,"href":"https:\/\/tarsusyenihaber.com\/index.php\/wp-json\/wp\/v2\/comments?post=4615"}],"version-history":[{"count":1,"href":"https:\/\/tarsusyenihaber.com\/index.php\/wp-json\/wp\/v2\/posts\/4615\/revisions"}],"predecessor-version":[{"id":4621,"href":"https:\/\/tarsusyenihaber.com\/index.php\/wp-json\/wp\/v2\/posts\/4615\/revisions\/4621"}],"wp:featuredmedia":[{"embeddable":true,"href":"https:\/\/tarsusyenihaber.com\/index.php\/wp-json\/wp\/v2\/media\/4620"}],"wp:attachment":[{"href":"https:\/\/tarsusyenihaber.com\/index.php\/wp-json\/wp\/v2\/media?parent=4615"}],"wp:term":[{"taxonomy":"category","embeddable":true,"href":"https:\/\/tarsusyenihaber.com\/index.php\/wp-json\/wp\/v2\/categories?post=4615"},{"taxonomy":"post_tag","embeddable":true,"href":"https:\/\/tarsusyenihaber.com\/index.php\/wp-json\/wp\/v2\/tags?post=4615"},{"taxonomy":"author","embeddable":true,"href":"https:\/\/tarsusyenihaber.com\/index.php\/wp-json\/wp\/v2\/ppma_author?post=4615"}],"curies":[{"name":"wp","href":"https:\/\/api.w.org\/{rel}","templated":true}]}}