{"id":4609,"date":"2025-05-15T14:02:14","date_gmt":"2025-05-15T11:02:14","guid":{"rendered":"http:\/\/tarsusyenihaber.com\/?p=4609"},"modified":"2025-05-15T14:02:15","modified_gmt":"2025-05-15T11:02:15","slug":"tarsus-anit-lions-kulubu-baskani-ganime-bilgenin-liderliginde-bir-defileden-cok-daha-fazlasi","status":"publish","type":"post","link":"https:\/\/tarsusyenihaber.com\/index.php\/2025\/05\/15\/tarsus-anit-lions-kulubu-baskani-ganime-bilgenin-liderliginde-bir-defileden-cok-daha-fazlasi\/","title":{"rendered":"Tarsus An\u0131t Lions Kul\u00fcb\u00fc Ba\u015fkan\u0131 Ganime Bilgen\u2019in Liderli\u011finde Bir Defileden \u00c7ok Daha Fazlas\u0131"},"content":{"rendered":"\n<p><strong>TARSUS \u2013 14 May\u0131s 2025<\/strong><br>Tarsus An\u0131t Lions Kul\u00fcb\u00fc\u2019n\u00fcn \u00f6nc\u00fcl\u00fc\u011f\u00fcnde, kul\u00fcp ba\u015fkan\u0131 Say\u0131n&nbsp;<strong>Ganime Bilgen<\/strong>&nbsp;liderli\u011finde d\u00fczenlenen \u201cKadim Kent Hatay \u0130\u00e7in El Ele\u201d temal\u0131 nostalji defilesi, kat\u0131l\u0131mc\u0131lara ge\u00e7mi\u015fin zarafetiyle dolu unutulmaz bir \u00f6\u011fleden sonra ya\u015fatt\u0131.&nbsp;<strong>Geliri Antakya\u2019daki depremzedelere ba\u011f\u0131\u015flanacak olan<\/strong>&nbsp;bu anlaml\u0131 etkinlik, 14.00\u201317.00 saatleri aras\u0131nda My Life Balo Salonu\u2019nda ger\u00e7ekle\u015fti.<\/p>\n\n\n\n<p>Sunuculu\u011funu, Say\u0131n <strong>Piyale \u00c7atakl\u0131<\/strong>\u2019n\u0131n \u00fcstlendi\u011fi organizasyonun a\u00e7\u0131l\u0131\u015f konu\u015fmas\u0131, Tarsus An\u0131t Lions Kul\u00fcb\u00fc Ba\u015fkan\u0131 Say\u0131n&nbsp;<strong>Ganime Bilgen<\/strong>&nbsp;taraf\u0131ndan yap\u0131ld\u0131. Bilgen, etkinli\u011fe katk\u0131 sunan t\u00fcm kat\u0131l\u0131mc\u0131lara te\u015fekk\u00fcr ederken, k\u00fclt\u00fcrel miras\u0131n ya\u015fat\u0131lmas\u0131n\u0131n \u00f6nemini vurgulad\u0131.<\/p>\n\n\n\n<p>Protokolde ise An\u0131t Lions Genel Y\u00f6netmeni&nbsp;<strong>Dr. Cengiz Kurt<\/strong>, Tarsus Kaymakam\u0131&nbsp;<strong>Mehmet Aky\u00fcz<\/strong>\u2019\u00fcn e\u015fi&nbsp;<strong>Tu\u011fba Aky\u00fcz<\/strong>, Tarsus Belediye Ba\u015fkan\u0131&nbsp;<strong>Ali Bolta\u00e7<\/strong>, Tarsus Emniyet M\u00fcd\u00fcr\u00fc&nbsp;<strong>Yavuz \u015eahin<\/strong>\u2019in e\u015fi&nbsp;<strong>Yeliz \u015eahin<\/strong>, sivil toplum kurulu\u015flar\u0131n\u0131n temsilcileri, bas\u0131n mensuplar\u0131 ve \u00e7ok say\u0131da konuk yer ald\u0131.<\/p>\n\n\n\n<p>Etkinli\u011fin ba\u015far\u0131s\u0131nda eme\u011fi ge\u00e7en&nbsp;<strong>Tarsus An\u0131t Lions Kul\u00fcb\u00fc<\/strong>\u2019n\u00fcn de\u011ferli \u00fcyeleri de organizasyonda aktif rol \u00fcstlendi. Kul\u00fcb\u00fcn \u00f6zverili kadrosunda yer alan; <strong>Aydan Dirik, Aylin Ey\u00fcbo\u011flu, Ay\u015fe Ramazano\u011flu,Ay\u015feg\u00fcl Boro, Banu Bat\u0131r, Binnur Kartalo\u011flu, Elife Aslan, Emine Y\u0131lmaz, Esin Esen Deliba\u015f, Esin \u00d6zden, Ganime Bilgen, G\u00fcl T\u00fclay, G\u00fclhan Akkaya, G\u00fclfem \u00d6zyi\u011fit, G\u00fclnur Karmuto\u011flu, Hatice \u0130nal, Meral Bolta\u00e7, M\u00fcge Yarman, Nil Din\u00e7er, Nil\u00fcfer \u00d6zkul, Nuray Okyay, Oya Kafadar, \u00d6zlem \u00c7opur, \u00d6zg\u00fcr Aky\u00fcrek Tuna, Piyale \u00c7atakl\u0131, Selcan G\u00fcrses, Seval \u0130kiz, Sevin\u00e7 Nursal, Sema Sarpkaya, Sezin \u00d6z\u015feker, Zehra M\u00fcr\u015fido\u011flu<\/strong>, etkinli\u011fin planlanmas\u0131, haz\u0131rlanmas\u0131 ve uygulanmas\u0131 a\u015famalar\u0131nda \u00fcstlendikleri sorumluluklarla organizasyonun b\u00fct\u00fcnl\u00fc\u011f\u00fcn\u00fc g\u00fc\u00e7lendirdi.<\/p>\n\n\n\n<p>Defilenin a\u00e7\u0131l\u0131\u015f\u0131nda, tasar\u0131mc\u0131\u00a0<strong>Yelda Narin<\/strong>\u00a0imzas\u0131 ta\u015f\u0131yan gelinlik, bir \u015fehit k\u0131z\u0131na \u00f6zel olarak haz\u0131rlanm\u0131\u015f olmas\u0131yla dikkat \u00e7ekti. Duygusal anlara sahne olan bu par\u00e7a, izleyiciler taraf\u0131ndan b\u00fcy\u00fck ilgiyle kar\u015f\u0131land\u0131.<\/p>\n\n\n\n<p>K\u0131yafetleri sahnede g\u00f6n\u00fcll\u00fc olarak ta\u015f\u0131yan mankenler; <br><strong>Ganime Kozac\u0131o\u011flu<\/strong>,&nbsp;<strong>Melisa Soydemir<\/strong>,&nbsp;<strong>Perihan \u00d6zgediz<\/strong>,&nbsp;<strong>Sezin Soylu<\/strong>,&nbsp;<strong>T\u00fclay Dirik<\/strong>,&nbsp;<strong>Yemliha \u0130nal<\/strong>,&nbsp;<strong>Zeynep Tutu\u011f<\/strong>.<br>Sahneye sadece k\u0131yafetleri de\u011fil, d\u00f6nemin ruhunu da ta\u015f\u0131yan bu isimler, zarafetleri ve duru\u015flar\u0131yla g\u00f6z doldurdu.<\/p>\n\n\n\n<p><strong>K\u0131yafetleri sunulan isimler<\/strong>; <br><strong>Ay\u015fe Y\u0131ld\u0131r\u0131m<\/strong>,&nbsp;<strong>\u00c7i\u011fdem Karacaaslan<\/strong>,&nbsp;<strong>Elif \u015eahin<\/strong>,&nbsp;<strong>Elife \u015eahin<\/strong>,&nbsp;<strong>F\u00fcsun Kozac\u0131o\u011flu<\/strong>,&nbsp;<strong>Ganime Bilgen<\/strong>,&nbsp;<strong>Ganime Turan<\/strong>,&nbsp;<strong>G\u00fclnur Karmuto\u011flu<\/strong>,&nbsp;<strong>G\u00fcler Kozac\u0131o\u011flu<\/strong>,&nbsp;<strong>G\u00fcl\u00e7in Kocaz\u0131o\u011flu<\/strong>,&nbsp;<strong>Keriman Milli<\/strong>,&nbsp;<strong>Leyla Batmaz<\/strong>,&nbsp;<strong>Melisa Soydemir<\/strong>,&nbsp;<strong>Necla G\u00fczey<\/strong>,&nbsp;<strong>Nevin Turan<\/strong>,&nbsp;<strong>Nuray Okyay<\/strong>,&nbsp;<strong>Nurten Pamuk<\/strong>,&nbsp;<strong>\u00d6m\u00fcr Koluk\u0131r\u0131k<\/strong>,&nbsp;<strong>Perihan Bilgen<\/strong>,&nbsp;<strong>Perihan \u00c7etin<\/strong>,&nbsp;<strong>Sevin\u00e7 Erdem<\/strong>,&nbsp;<strong>Sultan \u00c7etin<\/strong>,&nbsp;<strong>\u00dclker F\u0131rat Tolunay<\/strong>,&nbsp;<strong>\u00dcnal Karmuto\u011flu<\/strong>.<\/p>\n\n\n\n<p>Ayr\u0131ca&nbsp;<strong>Say\u0131n Nevin Yenig\u00fcn<\/strong>&nbsp;arac\u0131l\u0131\u011f\u0131yla,&nbsp;<strong>M\u00fcge Bayraktar<\/strong>\u2019dan al\u0131nan, merhum&nbsp;<strong>Pakize Bayraktar Han\u0131m<\/strong>\u2019a ait k\u0131yafetler ve gecelik koleksiyonu da sahnede sunularak izleyenlere nostaljik bir pencere aralad\u0131.<\/p>\n\n\n\n<p>Kost\u00fcmler aras\u0131nda Osmanl\u0131 d\u00f6neminden kalma, 100 y\u0131l\u0131 a\u015fan ge\u00e7mi\u015fe sahip kaftan oldu\u011fu gibi, Milano ve Amerika gibi farkl\u0131 co\u011frafyalardan getirilen zarif par\u00e7alar da yer ald\u0131.<\/p>\n\n\n\n<p>Tasar\u0131m ve dikim s\u00fcrecine eme\u011fiyle katk\u0131 sunan ge\u00e7mi\u015fin usta isimleri;<br><strong>Canan Yaka<\/strong>,&nbsp;<strong>Enver Baki<\/strong>,&nbsp;<strong>Faize Sevim<\/strong>,&nbsp;<strong>G\u00fcner (Terzi)<\/strong>,&nbsp;<strong>Hayri Akduman<\/strong>,&nbsp;<strong>\u0130clal (Terzi)<\/strong>,&nbsp;<strong>L\u00fctfiye Sar\u0131bal<\/strong>,&nbsp;<strong>M\u00fczeyyen (Terzi)<\/strong>,&nbsp;<strong>Nuriye (Terzi)<\/strong>,&nbsp;<strong>Nurten Pamuk<\/strong>,&nbsp;<strong>Olga (Terzi)<\/strong>,&nbsp;<strong>S\u0131d\u0131ka (Terzi)<\/strong>,&nbsp;<strong>Sultan (Terzi)<\/strong>,&nbsp;<strong>Tuana B\u00fcy\u00fck\u00e7\u0131nar<\/strong>,&nbsp;<strong>Zuhal Yorganc\u0131o\u011flu<\/strong>.<\/p>\n\n\n\n<p>Etkinlik sonunda&nbsp;<strong>\u0130zmir Mar\u015f\u0131<\/strong>&nbsp;hep bir a\u011f\u0131zdan s\u00f6ylendi ve&nbsp;<strong>Mustafa Kemal Atat\u00fcrk<\/strong>&nbsp;sayg\u0131 ve minnetle an\u0131ld\u0131.<\/p>\n\n\n\n<p>Say\u0131n&nbsp;<strong>Ganime Bilgen<\/strong>, yaln\u0131zca \u015f\u0131kl\u0131\u011f\u0131 ve tak\u0131lar\u0131yla de\u011fil, etkinlik sonunda t\u00fcm konuklar\u0131 tek tek u\u011furlarken g\u00f6sterdi\u011fi ev sahipli\u011fiyle de g\u00fcn\u00fcn y\u0131ld\u0131z\u0131yd\u0131.<br>An\u0131t Lions Kul\u00fcb\u00fc\u2019n\u00fcn ev sahipli\u011finde d\u00fczenlenen bu anlaml\u0131 organizasyon, hem estetik hem de duygusal bir iz b\u0131rakarak sona erdi.<\/p>\n\n\n\n<p><\/p>\n\n\n\n<p>M<strong>\u00fczeyyen Beyza MERCAN<\/strong><\/p>\n","protected":false},"excerpt":{"rendered":"<p>TARSUS \u2013 14 May\u0131s 2025Tarsus An\u0131t Lions Kul\u00fcb\u00fc\u2019n\u00fcn \u00f6nc\u00fcl\u00fc\u011f\u00fcnde, kul\u00fcp ba\u015fkan\u0131 Say\u0131n&nbsp;Ganime Bilgen&nbsp;liderli\u011finde d\u00fczenlenen \u201cKadim Kent Hatay \u0130\u00e7in El Ele\u201d temal\u0131 nostalji defilesi, kat\u0131l\u0131mc\u0131lara ge\u00e7mi\u015fin zarafetiyle dolu unutulmaz bir \u00f6\u011fleden sonra ya\u015fatt\u0131.&nbsp;Geliri Antakya\u2019daki depremzedelere ba\u011f\u0131\u015flanacak olan&nbsp;bu anlaml\u0131 etkinlik, 14.00\u201317.00 saatleri aras\u0131nda My Life Balo Salonu\u2019nda ger\u00e7ekle\u015fti. Sunuculu\u011funu, Say\u0131n Piyale \u00c7atakl\u0131\u2019n\u0131n \u00fcstlendi\u011fi organizasyonun a\u00e7\u0131l\u0131\u015f konu\u015fmas\u0131, Tarsus [&hellip;]<\/p>\n","protected":false},"author":3,"featured_media":4617,"comment_status":"open","ping_status":"open","sticky":false,"template":"","format":"standard","meta":{"footnotes":""},"categories":[2,1,9,12],"tags":[],"ppma_author":[15],"class_list":["post-4609","post","type-post","status-publish","format-standard","has-post-thumbnail","hentry","category-guncel","category-kategorisiz","category-magazin","category-yazarlar"],"authors":[{"term_id":15,"user_id":3,"is_guest":0,"slug":"beyza","display_name":"M\u00fczeyyen Beyza Mercan","avatar_url":{"url":"https:\/\/tarsusyenihaber.com\/wp-content\/uploads\/2024\/09\/WhatsApp-Image-2024-09-18-at-09.18.16.jpeg","url2x":"https:\/\/tarsusyenihaber.com\/wp-content\/uploads\/2024\/09\/WhatsApp-Image-2024-09-18-at-09.18.16.jpeg"},"1":"","2":"","3":"","4":"","5":"","6":"","7":"","8":""}],"_links":{"self":[{"href":"https:\/\/tarsusyenihaber.com\/index.php\/wp-json\/wp\/v2\/posts\/4609"}],"collection":[{"href":"https:\/\/tarsusyenihaber.com\/index.php\/wp-json\/wp\/v2\/posts"}],"about":[{"href":"https:\/\/tarsusyenihaber.com\/index.php\/wp-json\/wp\/v2\/types\/post"}],"author":[{"embeddable":true,"href":"https:\/\/tarsusyenihaber.com\/index.php\/wp-json\/wp\/v2\/users\/3"}],"replies":[{"embeddable":true,"href":"https:\/\/tarsusyenihaber.com\/index.php\/wp-json\/wp\/v2\/comments?post=4609"}],"version-history":[{"count":5,"href":"https:\/\/tarsusyenihaber.com\/index.php\/wp-json\/wp\/v2\/posts\/4609\/revisions"}],"predecessor-version":[{"id":4619,"href":"https:\/\/tarsusyenihaber.com\/index.php\/wp-json\/wp\/v2\/posts\/4609\/revisions\/4619"}],"wp:featuredmedia":[{"embeddable":true,"href":"https:\/\/tarsusyenihaber.com\/index.php\/wp-json\/wp\/v2\/media\/4617"}],"wp:attachment":[{"href":"https:\/\/tarsusyenihaber.com\/index.php\/wp-json\/wp\/v2\/media?parent=4609"}],"wp:term":[{"taxonomy":"category","embeddable":true,"href":"https:\/\/tarsusyenihaber.com\/index.php\/wp-json\/wp\/v2\/categories?post=4609"},{"taxonomy":"post_tag","embeddable":true,"href":"https:\/\/tarsusyenihaber.com\/index.php\/wp-json\/wp\/v2\/tags?post=4609"},{"taxonomy":"author","embeddable":true,"href":"https:\/\/tarsusyenihaber.com\/index.php\/wp-json\/wp\/v2\/ppma_author?post=4609"}],"curies":[{"name":"wp","href":"https:\/\/api.w.org\/{rel}","templated":true}]}}