{"id":4604,"date":"2025-05-14T20:06:49","date_gmt":"2025-05-14T17:06:49","guid":{"rendered":"https:\/\/tarsusyenihaber.com\/?p=4604"},"modified":"2025-05-14T20:06:49","modified_gmt":"2025-05-14T17:06:49","slug":"sgk-muduru-metinden-borsaya-ziyaret","status":"publish","type":"post","link":"https:\/\/tarsusyenihaber.com\/index.php\/2025\/05\/14\/sgk-muduru-metinden-borsaya-ziyaret\/","title":{"rendered":"SGK M\u00dcD\u00dcR\u00dc MET\u0130N\u2019DEN, BORSA\u2019YA Z\u0130YARET"},"content":{"rendered":"\n<p>SGK M\u00dcD\u00dcR\u00dc MET\u0130N\u2019DEN, BORSA\u2019YA Z\u0130YARET<\/p>\n\n\n\n<p>Tarsus Sosyal G\u00fcvenlik Kurumu M\u00fcd\u00fcr\u00fc S\u00fcleyman Metin, \u2018Sosyal G\u00fcvenlik Haftas\u0131\u2019 nedeniyle, Ticaret Borsas\u0131 Ba\u015fkan\u0131 ve y\u00f6netim kurulu \u00fcyelerini ziyaret etti.<\/p>\n\n\n\n<p>Beraberinde mesai arkada\u015flar\u0131 Fulya Duran, Semra \u00d6zeyranl\u0131, Ay\u015feg\u00fcl \u00c7i\u00e7ekalp ve Hamdi Bodur ile birlikte ziyaretini ger\u00e7ekle\u015ftiren S\u00fcleyman Metin, Ba\u015fkan Teke\u2019ye \u00e7i\u00e7ek takdim etti.<\/p>\n\n\n\n<p>Tarsus Ticaret Borsas\u0131 Y\u00f6netim Kurulu Ba\u015fkan\u0131 Mustafa Teke, Ba\u015fkan Yard\u0131mc\u0131s\u0131 Kemal S\u00fcheyl Batmaz, Y\u00f6netim Kurulu \u00dcyeleri Y\u00fccel G\u00fcrb\u00fcz ve \u0130lhan Titiz ile bir araya gelen \u0130l\u00e7e M\u00fcd\u00fcr\u00fc Metin, \u2018Sosyal G\u00fcvenlik Haftas\u0131\u2019 etkinlikleri kapsam\u0131nda Tarsus\u2019ta s\u00fcrd\u00fcrd\u00fckleri \u00e7al\u0131\u015fmalar hakk\u0131nda bilgiler verdi.<\/p>\n\n\n\n<figure class=\"wp-block-image size-large\"><img loading=\"lazy\" decoding=\"async\" width=\"1024\" height=\"683\" src=\"http:\/\/tarsusyenihaber.com\/wp-content\/uploads\/2025\/05\/IMG_6209-1024x683.jpg\" alt=\"\" class=\"wp-image-4605\" srcset=\"https:\/\/tarsusyenihaber.com\/wp-content\/uploads\/2025\/05\/IMG_6209-1024x683.jpg 1024w, https:\/\/tarsusyenihaber.com\/wp-content\/uploads\/2025\/05\/IMG_6209-300x200.jpg 300w, https:\/\/tarsusyenihaber.com\/wp-content\/uploads\/2025\/05\/IMG_6209-768x512.jpg 768w, https:\/\/tarsusyenihaber.com\/wp-content\/uploads\/2025\/05\/IMG_6209-1536x1024.jpg 1536w, https:\/\/tarsusyenihaber.com\/wp-content\/uploads\/2025\/05\/IMG_6209-2048x1365.jpg 2048w\" sizes=\"(max-width: 1024px) 100vw, 1024px\" \/><\/figure>\n\n\n\n<p>Sosyal G\u00fcvenlik Haftas\u0131 nedeniyle kendisini ziyaret eden Sosyal G\u00fcvenlik Kurumu M\u00fcd\u00fcr\u00fc S\u00fcleyman Metin ve beraberindeki heyetin haftalar\u0131n\u0131 kutlayan Borsa Ba\u015fkan\u0131 Teke, \u0130l\u00e7e M\u00fcd\u00fcr\u00fc Metin\u2019in \u015fahs\u0131nda t\u00fcm kurum \u00e7al\u0131\u015fanlar\u0131na ba\u015far\u0131 dileklerinde bulundu.<\/p>\n\n\n\n<p>12-18 May\u0131s Sosyal G\u00fcvenlik Haftas\u0131 kapsam\u0131nda kentte bulunan \u00e7e\u015fitli kurum ve kurulu\u015flara ziyaretler ger\u00e7ekle\u015ftirdiklerini kaydeden Metin, \u201cSGK\u2019n\u0131n kurulu\u015funun kabul edildi\u011fi 16 May\u0131s tarihini i\u00e7ine alan hafta \u00fclkemizde her y\u0131l &#8216;Sosyal G\u00fcvenlik Haftas\u0131&#8217; olarak kutlanmakta. Bu hafta i\u00e7erisinde payda\u015f kurumlar\u0131m\u0131z\u0131 ziyaret ederek, toplumumuzun her kesimini do\u011frudan ilgilendiren sosyal g\u00fcvenli\u011fin \u00f6nemi ve vatanda\u015flar\u0131m\u0131z\u0131n hak ve y\u00fck\u00fcml\u00fcl\u00fckleri konusunda bilgilendirme \u00e7al\u0131\u015fmalar\u0131 ger\u00e7ekle\u015ftiriyoruz\u201d dedi.<\/p>\n\n\n\n<p>Teke,&nbsp; SGK taraf\u0131ndan kamuoyunda sosyal g\u00fcvence bilincinin art\u0131r\u0131lmas\u0131na y\u00f6nelik \u00e7al\u0131\u015fmalar ve istihdam te\u015fvikleri konusunda bilgilendirmeler yap\u0131lmas\u0131n\u0131 son derece yararl\u0131 bulduklar\u0131n\u0131 s\u00f6zlerine ekledi.<\/p>\n","protected":false},"excerpt":{"rendered":"<p>SGK M\u00dcD\u00dcR\u00dc MET\u0130N\u2019DEN, BORSA\u2019YA Z\u0130YARET Tarsus Sosyal G\u00fcvenlik Kurumu M\u00fcd\u00fcr\u00fc S\u00fcleyman Metin, \u2018Sosyal G\u00fcvenlik Haftas\u0131\u2019 nedeniyle, Ticaret Borsas\u0131 Ba\u015fkan\u0131 ve y\u00f6netim kurulu \u00fcyelerini ziyaret etti. Beraberinde mesai arkada\u015flar\u0131 Fulya Duran, Semra \u00d6zeyranl\u0131, Ay\u015feg\u00fcl \u00c7i\u00e7ekalp ve Hamdi Bodur ile birlikte ziyaretini ger\u00e7ekle\u015ftiren S\u00fcleyman Metin, Ba\u015fkan Teke\u2019ye \u00e7i\u00e7ek takdim etti. Tarsus Ticaret Borsas\u0131 Y\u00f6netim Kurulu Ba\u015fkan\u0131 Mustafa [&hellip;]<\/p>\n","protected":false},"author":1,"featured_media":4606,"comment_status":"open","ping_status":"open","sticky":false,"template":"","format":"standard","meta":{"footnotes":""},"categories":[2],"tags":[],"ppma_author":[14],"class_list":["post-4604","post","type-post","status-publish","format-standard","has-post-thumbnail","hentry","category-guncel"],"authors":[{"term_id":14,"user_id":1,"is_guest":0,"slug":"admin","display_name":"admin","avatar_url":{"url":"https:\/\/tarsusyenihaber.com\/wp-content\/uploads\/2024\/09\/2024tynhaber1-1.jpg","url2x":"https:\/\/tarsusyenihaber.com\/wp-content\/uploads\/2024\/09\/2024tynhaber1-1.jpg"},"1":"","2":"","3":"","4":"","5":"","6":"","7":"","8":""}],"_links":{"self":[{"href":"https:\/\/tarsusyenihaber.com\/index.php\/wp-json\/wp\/v2\/posts\/4604"}],"collection":[{"href":"https:\/\/tarsusyenihaber.com\/index.php\/wp-json\/wp\/v2\/posts"}],"about":[{"href":"https:\/\/tarsusyenihaber.com\/index.php\/wp-json\/wp\/v2\/types\/post"}],"author":[{"embeddable":true,"href":"https:\/\/tarsusyenihaber.com\/index.php\/wp-json\/wp\/v2\/users\/1"}],"replies":[{"embeddable":true,"href":"https:\/\/tarsusyenihaber.com\/index.php\/wp-json\/wp\/v2\/comments?post=4604"}],"version-history":[{"count":1,"href":"https:\/\/tarsusyenihaber.com\/index.php\/wp-json\/wp\/v2\/posts\/4604\/revisions"}],"predecessor-version":[{"id":4607,"href":"https:\/\/tarsusyenihaber.com\/index.php\/wp-json\/wp\/v2\/posts\/4604\/revisions\/4607"}],"wp:featuredmedia":[{"embeddable":true,"href":"https:\/\/tarsusyenihaber.com\/index.php\/wp-json\/wp\/v2\/media\/4606"}],"wp:attachment":[{"href":"https:\/\/tarsusyenihaber.com\/index.php\/wp-json\/wp\/v2\/media?parent=4604"}],"wp:term":[{"taxonomy":"category","embeddable":true,"href":"https:\/\/tarsusyenihaber.com\/index.php\/wp-json\/wp\/v2\/categories?post=4604"},{"taxonomy":"post_tag","embeddable":true,"href":"https:\/\/tarsusyenihaber.com\/index.php\/wp-json\/wp\/v2\/tags?post=4604"},{"taxonomy":"author","embeddable":true,"href":"https:\/\/tarsusyenihaber.com\/index.php\/wp-json\/wp\/v2\/ppma_author?post=4604"}],"curies":[{"name":"wp","href":"https:\/\/api.w.org\/{rel}","templated":true}]}}