{"id":4602,"date":"2025-05-14T19:32:14","date_gmt":"2025-05-14T16:32:14","guid":{"rendered":"https:\/\/tarsusyenihaber.com\/?p=4602"},"modified":"2025-05-14T19:32:15","modified_gmt":"2025-05-14T16:32:15","slug":"ziraat-odasi-baskani-veyis-avci-ulkenin-bel-kemigi-ciftcilerdir","status":"publish","type":"post","link":"https:\/\/tarsusyenihaber.com\/index.php\/2025\/05\/14\/ziraat-odasi-baskani-veyis-avci-ulkenin-bel-kemigi-ciftcilerdir\/","title":{"rendered":"Z\u0130RAAT ODASI BA\u015eKANI VEY\u0130S AVCI: \u201c\u00dcLKEN\u0130N BEL KEM\u0130\u011e\u0130 \u00c7\u0130FT\u00c7\u0130LERD\u0130R\u201d"},"content":{"rendered":"\n<p>Z\u0130RAAT ODASI BA\u015eKANI VEY\u0130S AVCI: \u201c\u00dcLKEN\u0130N BEL KEM\u0130\u011e\u0130 \u00c7\u0130FT\u00c7\u0130LERD\u0130R\u201d<\/p>\n\n\n\n<p>Tarsus Ziraat Odas\u0131 Ba\u015fkan\u0131 ve B\u00fcy\u00fck\u015fehir Belediye Meclis \u00dcyesi Veyis Avc\u0131, tarladan sofraya, topraktan sanayiye uzanan me\u015fakkatli yolculu\u011fun en \u00f6nemli emektarlar\u0131ndan bir tanesinin \u00e7ift\u00e7iler oldu\u011funu s\u00f6yledi.<\/p>\n\n\n\n<p>Ba\u015fkan Avc\u0131, 14 May\u0131s D\u00fcnya \u00c7ift\u00e7iler G\u00fcn\u00fc dolay\u0131s\u0131yla Tarsus Yeni Haber portal\u0131na yapt\u0131\u011f\u0131 a\u00e7\u0131klamas\u0131nda, Tarsus b\u00f6lgesinin bereketli ve \u00fcr\u00fcn \u00e7e\u015fitlili\u011fine elveri\u015fli topraklara, bununla birlikte b\u00fcy\u00fck bir tar\u0131m potansiyeline sahip oldu\u011funu belirterek, \u201cDe\u011ferli \u00e7ift\u00e7ilerimiz; Bu y\u0131l maalesef afetlerle m\u00fccadele ediyoruz. Bunun yan\u0131 s\u0131ra ekonomik kriz \u015fartlar\u0131 da belimizi b\u00fckmekte, in\u015fallah bu zor g\u00fcnler geride kalacak. Bu s\u00fcre\u00e7te evine ekmek g\u00f6t\u00fcrmek i\u00e7in u\u011fra\u015fan t\u00fcm \u00e7ift\u00e7ilerimize sa\u011fl\u0131k s\u0131hhat ve afiyet diliyorum. Sizlerin verdi\u011finiz m\u00fccadele imk\u00e2ns\u0131z\u0131 ba\u015farmakt\u0131r. Bu m\u00fccadele azminiz asaletinizdendir ve takdire \u015fayand\u0131r. Bug\u00fcn 14 May\u0131s D\u00fcnya \u00c7ift\u00e7iler G\u00fcn\u00fc daha iyi \u015fartlarda olmak isterdik, maalesef zor bir s\u00fcre\u00e7teyiz. Bizler yine de her \u015feyin \u00fcstesinden gelece\u011fiz, Cenab-\u0131 Allah\u2019\u0131n izniyle bunu da atlataca\u011f\u0131z. T\u00fcm zarar g\u00f6ren \u00e7iftlerimize ge\u00e7mi\u015f olsun dileklerimi iletiyorum, 14 May\u0131s D\u00fcnya \u00c7ift\u00e7iler g\u00fcn\u00fcn\u00fczde kaybettiklerimizi yerine gelmesini temenni ediyorum ve k\u0131ymetinizin bilinmesi dile\u011fiyle al\u0131n teriniz ve emeklerinize sa\u011fl\u0131k, iyi ki vars\u0131n\u0131z bu \u00fclkenin bel kemi\u011fi sizsiniz\u201d ifadesini kulland\u0131.<\/p>\n","protected":false},"excerpt":{"rendered":"<p>Z\u0130RAAT ODASI BA\u015eKANI VEY\u0130S AVCI: \u201c\u00dcLKEN\u0130N BEL KEM\u0130\u011e\u0130 \u00c7\u0130FT\u00c7\u0130LERD\u0130R\u201d Tarsus Ziraat Odas\u0131 Ba\u015fkan\u0131 ve B\u00fcy\u00fck\u015fehir Belediye Meclis \u00dcyesi Veyis Avc\u0131, tarladan sofraya, topraktan sanayiye uzanan me\u015fakkatli yolculu\u011fun en \u00f6nemli emektarlar\u0131ndan bir tanesinin \u00e7ift\u00e7iler oldu\u011funu s\u00f6yledi. Ba\u015fkan Avc\u0131, 14 May\u0131s D\u00fcnya \u00c7ift\u00e7iler G\u00fcn\u00fc dolay\u0131s\u0131yla Tarsus Yeni Haber portal\u0131na yapt\u0131\u011f\u0131 a\u00e7\u0131klamas\u0131nda, Tarsus b\u00f6lgesinin bereketli ve \u00fcr\u00fcn \u00e7e\u015fitlili\u011fine [&hellip;]<\/p>\n","protected":false},"author":1,"featured_media":4587,"comment_status":"open","ping_status":"open","sticky":false,"template":"","format":"standard","meta":{"footnotes":""},"categories":[2],"tags":[],"ppma_author":[14],"class_list":["post-4602","post","type-post","status-publish","format-standard","has-post-thumbnail","hentry","category-guncel"],"authors":[{"term_id":14,"user_id":1,"is_guest":0,"slug":"admin","display_name":"admin","avatar_url":{"url":"https:\/\/tarsusyenihaber.com\/wp-content\/uploads\/2024\/09\/2024tynhaber1-1.jpg","url2x":"https:\/\/tarsusyenihaber.com\/wp-content\/uploads\/2024\/09\/2024tynhaber1-1.jpg"},"1":"","2":"","3":"","4":"","5":"","6":"","7":"","8":""}],"_links":{"self":[{"href":"https:\/\/tarsusyenihaber.com\/index.php\/wp-json\/wp\/v2\/posts\/4602"}],"collection":[{"href":"https:\/\/tarsusyenihaber.com\/index.php\/wp-json\/wp\/v2\/posts"}],"about":[{"href":"https:\/\/tarsusyenihaber.com\/index.php\/wp-json\/wp\/v2\/types\/post"}],"author":[{"embeddable":true,"href":"https:\/\/tarsusyenihaber.com\/index.php\/wp-json\/wp\/v2\/users\/1"}],"replies":[{"embeddable":true,"href":"https:\/\/tarsusyenihaber.com\/index.php\/wp-json\/wp\/v2\/comments?post=4602"}],"version-history":[{"count":1,"href":"https:\/\/tarsusyenihaber.com\/index.php\/wp-json\/wp\/v2\/posts\/4602\/revisions"}],"predecessor-version":[{"id":4603,"href":"https:\/\/tarsusyenihaber.com\/index.php\/wp-json\/wp\/v2\/posts\/4602\/revisions\/4603"}],"wp:featuredmedia":[{"embeddable":true,"href":"https:\/\/tarsusyenihaber.com\/index.php\/wp-json\/wp\/v2\/media\/4587"}],"wp:attachment":[{"href":"https:\/\/tarsusyenihaber.com\/index.php\/wp-json\/wp\/v2\/media?parent=4602"}],"wp:term":[{"taxonomy":"category","embeddable":true,"href":"https:\/\/tarsusyenihaber.com\/index.php\/wp-json\/wp\/v2\/categories?post=4602"},{"taxonomy":"post_tag","embeddable":true,"href":"https:\/\/tarsusyenihaber.com\/index.php\/wp-json\/wp\/v2\/tags?post=4602"},{"taxonomy":"author","embeddable":true,"href":"https:\/\/tarsusyenihaber.com\/index.php\/wp-json\/wp\/v2\/ppma_author?post=4602"}],"curies":[{"name":"wp","href":"https:\/\/api.w.org\/{rel}","templated":true}]}}